{"id":36851,"date":"2014-08-08T11:44:25","date_gmt":"2014-08-08T14:44:25","guid":{"rendered":"http:\/\/aconteceunovale.com.br\/portal\/?p=36851"},"modified":"2014-08-08T11:44:25","modified_gmt":"2014-08-08T14:44:25","slug":"candidatos-a-governador-de-minas-gerais-participam-de-debate-na-tv-band","status":"publish","type":"post","link":"https:\/\/aconteceunovale.com.br\/portal\/?p=36851","title":{"rendered":"Candidatos a governador de Minas Gerais participam de debate na TV Band"},"content":{"rendered":"<h4><strong><em>Pol\u00edticos do PSOL, PT, PSDB e PSB participaram do encontro. Confronto promovido pela Band Minas foi na noite desta quinta-feira (7).<\/em><\/strong><\/h4>\n<p>Quatro candidatos ao governo de Minas Gerais participaram na noite desta quinta-feira (7), em Belo Horizonte, do primeiro debate para as elei\u00e7\u00f5es 2014 no estado. Promovido pela TV Band Minas, R\u00e1dio Band News e Jornal Metro, o encontro foi dividido em cinco blocos e mediado pelo jornalista S\u00e9rgio Costa. Durante o debate, foram apresentadas propostas sobre temas como sa\u00fade, transporte, educa\u00e7\u00e3o e seguran\u00e7a p\u00fablica.<\/p>\n<p>Foram convidados os candidatos de partidos com representa\u00e7\u00e3o na C\u00e2mara dos Deputados: Andr\u00e9 Alves (PHS), Fernando Pimentel (PT), Fid\u00e9lis Alc\u00e2ntara (PSOL), Pimenta da Veiga (PSDB) e Tarc\u00edsio Delgado (PSB). Por\u00e9m, Alves n\u00e3o compareceu e, em nota \u00e0 emissora, informou que n\u00e3o tinha interesse em participar. Nesta quinta-feira (7), o pol\u00edtico do PHS renunciou \u00e0 candidatura. H\u00e1 ainda outros tr\u00eas candidatos ao governo do estado: Cleide Don\u00e1ria (PCO), Eduardo Pereira(PSDC) e Professor T\u00falio Lopes (PCB).<\/p>\n<p><img decoding=\"async\" src=\"http:\/\/aconteceunovale.com.br\/portal\/wp-content\/uploads\/2014\/08\/candidatos_minas_debate_band.jpg\" alt=\"\" \/><em>Quatro candidatos participam de debate em Belo Horizonte (Foto: Emmanuel Pinheiro\/ Metro BH)<\/em><br \/>\n<\/br><\/p>\n<p>O debate foi dividido em seis blocos. No primeiro, os candidatos responderam perguntas enviadas pelos leitores do jornal Metro e internautas do portal Band Minas. As perguntas foram sobre economia, seguran\u00e7a, educa\u00e7\u00e3o e sa\u00fade. Cada candidato respondeu uma pergunta de cada tema.<\/p>\n<p>No segundo bloco, o tema foi livre e cada candidato perguntou para um dos concorrentes. No terceiro bloco, jornalistas da Band Minas fizeram perguntas para os candidatos. O quarto bloco teve a mesma f\u00f3rmula do segundo. No quinto, jornalistas escolheram o candidato e fizeram perguntas. No sexto bloco, os candidatos fizeram suas considera\u00e7\u00f5es finais.<\/p>\n<p><strong>Fernando Pimentel<\/strong> falou sobre sua carreira pol\u00edtica, projetos e destacou que quer fazer um governo participativo. \u201cEu quero em primeiro lugar agradecer a Rede Bandeirantes por esta oportunidade, por este debate, aos candidatos que participaram comigo, a voc\u00ea telespectador que nos acompanha at\u00e9 esta hora. Dizer que para mim primeiro \u00e9 um privil\u00e9gio participar deste momento da democracia. Eu sou da gera\u00e7\u00e3o que lutou contra a ditadura. Paguei um pre\u00e7o alto por isso. Fui preso politico. Na minha juventude n\u00f3s n\u00e3o t\u00ednhamos possibilidade de ter um espet\u00e1culo como este. Um debate e, depois, a elei\u00e7\u00e3o que vai se seguir, mostrando a pung\u00eancia da nossa democracia. Uma conquista do Brasil que devemos celebrar.  Eu quero colocar minha experi\u00eancia. A minha experi\u00eancia de Secret\u00e1rio de Fazenda com o prefeito Patrus, depois secret\u00e1rio e vice-prefeito com o saudoso doutor C\u00e9lio de Castro. Depois prefeito eleito de Belo Horizonte, reeleito, sa\u00ed do governo com a aprova\u00e7\u00e3o de 90% da popula\u00e7\u00e3o e cumpri o meu mandato integralmente at\u00e9 o \u00faltimo dia. Quero levar a experi\u00eancia dos projetos que apresentamos e trabalhamos em Belo Horizonte com grande sucesso: o Vila Viva, uma verdadeira revolu\u00e7\u00e3o urbana nos aglomerados, vilas e favelas da cidade. As Umeis, primeira experi\u00eancia de escola infantil em Minas Gerais, com grande sucesso. Depois transformada em projeto nacional para o pa\u00eds inteiro no governo do presidente Lula e da presidenta Dilma. Assim como o Vila Viva tamb\u00e9m se transformou no projeto Minha Casa Minha Vida. Enfim, o Or\u00e7amento Participativo, tudo que fizemos aqui. A minha experi\u00eancia de Ministro da presidenta Dilma com quem tive orgulho de trabalhar. Quero colocar tudo isso a servi\u00e7o de Minas Gerais. Quero fazer em Minas um governo participativo, regionalizado, pr\u00f3ximo das pessoas. Carinhoso com o povo, pr\u00f3ximo das regi\u00f5es do estado. Levando em conta as desigualdades regionais, para elimin\u00e1-las, levando em conta as caracter\u00edsticas, as especificidades de cada regi\u00e3o. Um governo enfim que olhe a Minas Gerais real. N\u00e3o a Minas da propaganda, n\u00e3o a Minas da marketagem. A Minas real, onde vivem os mineiros, as mineiras constroem os seus sonhos, as suas esperan\u00e7as, criam suas fam\u00edlias. \u00c9 para eles que eu quero trabalhar. E ser um governador que assuma as responsabilidades do governo do estado, n\u00e3o fique jogando a culpa no governo federal, transferindo as responsabilidades para os munic\u00edpios. Vamos transformar Minas Gerais no estado do sonho dos mineiros. E para isso, serei um governador respons\u00e1vel, por tudo aquilo que ocorre dentro do territ\u00f3rio de Minas. N\u00e3o vou jogar a culpa em ningu\u00e9m. Vou transformar Minas Gerais no estado dos nossos sonhos. Para n\u00f3s, para os nossos filhos, para os nossos netos. Um estado seguro, um estado fraterno, um estado justo, com sa\u00fade, educa\u00e7\u00e3o e seguran\u00e7a. Servi\u00e7os p\u00fablicos de boa qualidade, valorizando o funcionalismo p\u00fablico que \u00e9 fundamental e tratando os mineiros e as mineiras com a dignidade que eles merecem. Muito obrigado. Boa noite a todos que nos acompanharam at\u00e9 aqui\u201d.<\/p>\n<p><strong>Fid\u00e9lis Alc\u00e2ntara<\/strong> afirmou que sua campanha n\u00e3o aceita doa\u00e7\u00f5es de empresas, defende pessoas esquecidas pela sociedade e defendeu os moradores das ocupa\u00e7\u00f5es urbanas. \u201cEu quero come\u00e7ar agradecendo cada um dos trabalhadores e das trabalhadoras que est\u00e3o colocando este programa no ar, que est\u00e3o aqui at\u00e9 esta hora trabalhando e levando at\u00e9 a casa, e todos que est\u00e3o em casa tamb\u00e9m. Agradecer a audi\u00eancia at\u00e9 este hor\u00e1rio, muito obrigado, e apresentar um pouco. Eu fa\u00e7o parte da Frente de Esquerda Socialista: que \u00e9 o Psol, o PSTU, o PCR e as Brigadas Populares. N\u00f3s apresentamos uma alternativa para o governo de Minas Gerais que ela j\u00e1 come\u00e7a na campanha. A nossa campanha, ela n\u00e3o recebe dinheiro de empresa. Ela \u00e9 autofinanciada, com os militantes, com os amigos. Inclusive se voc\u00ea quiser fazer uma doa\u00e7\u00e3o, pessoa f\u00edsica, para n\u00f3s. Pode entrar em contato atrav\u00e9s do nosso site: fidelis50.com. Pessoas f\u00edsicas n\u00f3s aceitamos doa\u00e7\u00f5es, cidad\u00e3o, \u00e9 o CPF, n\u00e3o CNPJ. Por que a nossa campanha tem que ser independente. Nossa milit\u00e2ncia n\u00e3o recebe um real. Quando voc\u00ea pega um panfleto na rua, voc\u00ea pode saber que aquela pessoa que est\u00e1 ali, ela est\u00e1 envolvida com a nossa luta. Ela ajudou a construir este programa e n\u00f3s lutamos pelos invis\u00edveis. Pelas pessoas que s\u00e3o esquecidas pela sociedade: os moradores de rua, os negros e negras, os trabalhadores que sofrem com \u00f4nibus lotado todos os dias, n\u00e9. E principalmente, outro caso muito grave que n\u00e3o foi falado aqui, que \u00e9 o caso do genoc\u00eddio da juventude negra. Espero que, em um outro debate, a gente tenha condi\u00e7\u00f5es de falar um pouco. Eu quero aproveitar este momento para fazer um apelo a voc\u00ea que est\u00e1 em casa acordado at\u00e9 agora. Conhe\u00e7a melhor as ocupa\u00e7\u00f5es urbanas de Belo Horizonte. Saiba que o povo organizado construiu na Regi\u00e3o Metropolitana de Belo Horizonte e tamb\u00e9m no interior, que eu fui l\u00e1 em Uberl\u00e2ndia e conheci. Vinte mil casas e n\u00e3o s\u00e3o de lonas, n\u00e3o s\u00e3o barracos. S\u00e3o casas com estrutura completa, montadas, inclusive com projeto urbano doado pela Universidade Federal de Minas Gerais, pela PUC e outras institui\u00e7\u00f5es, acompanhados pelos ge\u00f3logos do Brasil, quer dizer, n\u00e3o s\u00e3o barracos. S\u00e3o casas constru\u00eddas pelo povo que luta pelo direito a moradia. E n\u00e3o s\u00e3o invas\u00f5es, s\u00e3o ocupa\u00e7\u00f5es de terrenos p\u00fablicos ociosos. \u00c9 importante ressaltar isso. \u00c9 importante ressaltar que o governo de Minas Gerais hoje quer usar o caveir\u00e3o, o helic\u00f3ptero e sua tropa de choque em cima dessas pessoas que lutam por moradia. Eu pe\u00e7o inclusive ao pra\u00e7as, cabos e soldados que v\u00e3o estar nesta a\u00e7\u00e3o, para pensar duas vezes, pensar um pouco se pol\u00edcia \u00e9 para reprimir o povo pobre que luta. E aproveito estes momentos finais para pedir o seu voto para a Frente de Esquerda. Vote para deputado estadual e para deputado federal 50 ou 16 e para senador 161, Geraldo Ara\u00fajo Batata. E agrade\u00e7o a quem ficou acordado at\u00e9 agora, muito obrigado e uma boa noite\u201d.<\/p>\n<p><strong>Tarc\u00edsio Delgado<\/strong> questionou a briga entre PT e PSDB e saiu em defesa do min\u00e9rio produzido no estado e de uma pol\u00edtica mais favorecedora para este segmento. \u201cPermito me perguntar \u00e0queles que tiveram a paci\u00eancia de nos ouvir at\u00e9 agora, que est\u00e3o nas suas casas, se Pimenta da Veiga tem raz\u00e3o ao dizer que todas as desgra\u00e7as de Minas v\u00eam do governo federal ou Fernando Pimentel tem raz\u00e3o a dizer que todas as desgra\u00e7as de Minas s\u00e3o do governo estadual. Um diz que \u00e9 o outro, o outro diz que \u00e9 o outro e fica este jogo de empurra e as coisas n\u00e3o v\u00e3o adiante. Ent\u00e3o esta \u00e9 a primeira indaga\u00e7\u00e3o que eu fa\u00e7o. E me permito pedir ao espectador que olhe bem isto, que analise bem isto. Veja estas palavras dos candidatos. Quero dizer neste final que, se chegasse ao governo de Minas, eu ia fazer novamente uma Minas inconfidente. Minas na sua explora\u00e7\u00e3o do seu solo e do seu subsolo. Nos faz lembrar aqueles poetas de Vila Rica, que juntamente com Tiradentes se levantaram contra a esfolia\u00e7\u00e3o deste territ\u00f3rio. Por isso, n\u00f3s precisamos honrar a mem\u00f3ria, n\u00e3o de Silv\u00e9rio dos Reis, como temos feito na pol\u00edtica nacional. Mas de Tiradentes e dos grandes poetas que ali sonharam com a liberdade e sonharam com melhores condi\u00e7\u00f5es contra a esfolia\u00e7\u00e3o do nosso estado. Eu quero pedir a todos que considerem isto. N\u00f3s precisamos fazer um basta nesta coisa de deixa me deixa, joga na pedra, joga n\u2019\u00e1gua, n\u00e3o. N\u00f3s precisamos avan\u00e7ar, fazer coisa diferente. N\u00f3s estamos propondo fazer coisa diferente, que fizemos quando ocupamos o poder. N\u00e3o estamos prometendo fazer uma coisa hipot\u00e9tica, n\u00e3o. N\u00f3s fizemos isso quando ocupamos o poder. Por isso eu quero dizer a Minas Gerais que n\u00f3s precisamos, com refer\u00eancia ao trato do min\u00e9rio, que n\u00f3s vamos abordar mais nesta campanha, precisamos tomar consci\u00eancia. E me proponho a fazer uma grande lideran\u00e7a, junto aos governos do Brasil inteiro. Reunir os governadores para ir ao presidente da Rep\u00fablica e fazer com que seja aprovada alguma coisa na defesa do patrim\u00f4nio mineiro t\u00e3o esfoliado, t\u00e3o perdido. E para encerrar, eu diria: Deus quer, o homem faz, a obra aparece. N\u00f3s vamos fazer diferente uma obra para Minas Gerais\u201d.<\/p>\n<p><strong>Pimenta da Veiga<\/strong> fez um resumo de sua carreira pol\u00edtica e destacou a democratiza\u00e7\u00e3o da telefonia celular no pa\u00eds como um legado de quando era ministro de FHC. \u201cEu quero agradecer muito a Rede Bandeirantes de televis\u00e3o, esta tradicional emissora pela realiza\u00e7\u00e3o deste debate. Quero agradecer aos jornalistas convidados, que nos propiciaram debater Minas, seus desafios, suas potencialidades. Quero agradecer muit\u00edssimo a voc\u00ea, que ficou conosco at\u00e9 aqui, at\u00e9 tarde da noite, em um dia de semana, portanto num dia de trabalho. Obrigado pela sua companhia e pela sua compreens\u00e3o. O grande vencedor hoje foi o eleitor. Que p\u00f4de comparar os candidatos, que p\u00f4de comparar as propostas, as ideias. E isso \u00e9 o princ\u00edpio b\u00e1sico da democracia. Eu quero agradecer muito a todos e dizer que sou advogado por profiss\u00e3o, mas militante pol\u00edtico de longa data. Durante a minha milit\u00e2ncia estive no Congresso como parlamentar. Fui deputado federal por v\u00e1rios mandatos. L\u00edder do PMDB com a maior bancada da hist\u00f3ria da C\u00e2mara. Fui l\u00edder e presidente nacional do PSDB. Fui prefeito de Belo Horizonte, com grande orgulho de ter sido prefeito da capital. Fui ministro de Estado do governo Fernando Henrique. Como ministro, conseguimos democratizar o telefone celular. E fazer algo que muitos n\u00e3o acreditavam. Conseguimos levar o celular a todos os lugares. Conseguimos realizar um antigo sonho. Colocando um celular na m\u00e3o de cada brasileiro. Por tanto, \u00e9 com esta milit\u00e2ncia, e por acreditar que podemos fazer muito por Minas Gerais, que eu quero ver, a educa\u00e7\u00e3o que hoje em nosso estado \u00e9 considerada nos seus anos iniciais a melhor do pa\u00eds. Eu quero que seja a melhor em todos os anos do ciclo escolar. A sa\u00fade que \u00e9 considerada hoje a melhor do Sudeste, eu quero que seja a melhor de todo o Brasil. Quero tamb\u00e9m reduzir as desigualdades entre as pessoas e as regi\u00f5es. Em Minas, 2 milh\u00f5es de pessoas sa\u00edram da pobreza e da indig\u00eancia, \u00e9 isto que quero. Mas para alcan\u00e7armos estes objetivos, precisamos da sua companhia. Venha conosco nesta jornada. Eu quero lhes dizer, vai valer a pena. Muito obrigado e at\u00e9 breve\u201d.<\/p>\n<p><strong>(Fonte: G1 Minas)<\/strong><\/p>\n","protected":false},"excerpt":{"rendered":"<p>Pol\u00edticos do PSOL, PT, PSDB e PSB participaram do encontro. Confronto promovido pela Band Minas foi na noite desta quinta-feira (7). Quatro candidatos ao governo de Minas Gerais participaram na noite desta quinta-feira (7), em Belo Horizonte, do primeiro debate para as elei\u00e7\u00f5es 2014 no estado. Promovido pela TV Band Minas, R\u00e1dio Band News e [&hellip;]<\/p>\n","protected":false},"author":1,"featured_media":36852,"comment_status":"open","ping_status":"closed","sticky":false,"template":"","format":"standard","meta":{"amp_status":"","footnotes":""},"categories":[123],"tags":[13331,13330,13332,1018],"class_list":["post-36851","post","type-post","status-publish","format-standard","has-post-thumbnail","hentry","category-gerais","tag-candidatos-a-governador-de-minas-gerais","tag-candidatos-a-governador-de-minas-gerais-participam-de-debate-na-tv-band","tag-debate-com-candidatos-a-governador-de-minas-gerais-na-band-minas","tag-destaque"],"_links":{"self":[{"href":"https:\/\/aconteceunovale.com.br\/portal\/index.php?rest_route=\/wp\/v2\/posts\/36851","targetHints":{"allow":["GET"]}}],"collection":[{"href":"https:\/\/aconteceunovale.com.br\/portal\/index.php?rest_route=\/wp\/v2\/posts"}],"about":[{"href":"https:\/\/aconteceunovale.com.br\/portal\/index.php?rest_route=\/wp\/v2\/types\/post"}],"author":[{"embeddable":true,"href":"https:\/\/aconteceunovale.com.br\/portal\/index.php?rest_route=\/wp\/v2\/users\/1"}],"replies":[{"embeddable":true,"href":"https:\/\/aconteceunovale.com.br\/portal\/index.php?rest_route=%2Fwp%2Fv2%2Fcomments&post=36851"}],"version-history":[{"count":0,"href":"https:\/\/aconteceunovale.com.br\/portal\/index.php?rest_route=\/wp\/v2\/posts\/36851\/revisions"}],"wp:featuredmedia":[{"embeddable":true,"href":"https:\/\/aconteceunovale.com.br\/portal\/index.php?rest_route=\/wp\/v2\/media\/36852"}],"wp:attachment":[{"href":"https:\/\/aconteceunovale.com.br\/portal\/index.php?rest_route=%2Fwp%2Fv2%2Fmedia&parent=36851"}],"wp:term":[{"taxonomy":"category","embeddable":true,"href":"https:\/\/aconteceunovale.com.br\/portal\/index.php?rest_route=%2Fwp%2Fv2%2Fcategories&post=36851"},{"taxonomy":"post_tag","embeddable":true,"href":"https:\/\/aconteceunovale.com.br\/portal\/index.php?rest_route=%2Fwp%2Fv2%2Ftags&post=36851"}],"curies":[{"name":"wp","href":"https:\/\/api.w.org\/{rel}","templated":true}]}}