{"id":36843,"date":"2014-08-08T11:25:09","date_gmt":"2014-08-08T14:25:09","guid":{"rendered":"http:\/\/aconteceunovale.com.br\/portal\/?p=36843"},"modified":"2014-08-08T11:26:20","modified_gmt":"2014-08-08T14:26:20","slug":"ministerio-da-integracao-reconhece-emergencia-de-inimutaba-atingida-por-tempestade-de-granizo","status":"publish","type":"post","link":"https:\/\/aconteceunovale.com.br\/portal\/?p=36843","title":{"rendered":"Minist\u00e9rio da Integra\u00e7\u00e3o reconhece emerg\u00eancia de Inimutaba, atingida por tempestade de granizo"},"content":{"rendered":"<h4><strong><em>A tempestade e o vendaval danificaram 17 casas e derrubaram 14 postes na cidade mineira<\/em><\/strong><\/h4>\n<p>O Minist\u00e9rio da Integra\u00e7\u00e3o Nacional, por meio da Secretaria Nacional de Prote\u00e7\u00e3o e Defesa Civil, reconheceu o pedido de situa\u00e7\u00e3o de emerg\u00eancia, declarado pela Prefeitura Municipal de Inimutaba, na regi\u00e3o Central de Minas Gerais. A decis\u00e3o foi publicada no Di\u00e1rio Oficial da Uni\u00e3o (DOU) desta sexta-feira (8).<\/p>\n<p>No \u00faltimo dia 21, a pequena cidade, a 168 km de Belo Horizonte, ficou tomada de gelo, ap\u00f3s um temporal de curta dura\u00e7\u00e3o. Uma chuva forte, com granizo, acompanhada de fortes ventos deixou um rastro de destrui\u00e7\u00e3o e os bairros mais atingidos, Jardim S\u00e3o Geraldo e Nossa Senhora das Gra\u00e7as, sem energia el\u00e9trica.<\/p>\n<p>Cerca de 17 casas foram destelhadas, muitos m\u00f3veis e eletrodom\u00e9sticos foram perdidos, 14 postes foram partidos ao meio e aproximadamente 16 \u00e1rvores ca\u00edram. A quadra poliesportiva do munic\u00edpio ficou totalmente destru\u00edda. Tamb\u00e9m, uma camada de gelo interditou a MGT-259, que liga Curvelo a Diamantina. Ningu\u00e9m ficou ferido, segundo o Corpo de Bombeiros de Curvelo. Na \u00e9poca, a prefeitura da cidade informou ainda que o preju\u00edzo com o temporal foi de cerca de R$ 2 milh\u00f5es.<\/p>\n<p>LEIA MAIS [+]<br \/>\n&#8211; <a href=\"http:\/\/aconteceunovale.com.br\/portal\/?p=35438\" target=\"_blank\">Chuva de granizo provoca preju\u00edzos em Inimutaba<\/a><br \/>\n&#8211; <a href=\"http:\/\/aconteceunovale.com.br\/portal\/?p=35493\" target=\"_blank\">Tempestade de granizo provoca preju\u00edzos de mais de R$ 2 milh\u00f5es em Inimutaba<\/a><br \/>\n&#8211; <a href=\"http:\/\/aconteceunovale.com.br\/portal\/?p=35528\" target=\"_blank\">Fornecimento de \u00e1gua e energia el\u00e9trica \u00e9 normalizado em Inimutaba<\/a><\/p>\n<p><img decoding=\"async\" src=\"http:\/\/aconteceunovale.com.br\/portal\/wp-content\/uploads\/2014\/07\/chuva_granizo_inimutaba_1.jpg\" alt=\"\" \/><em>(Uma camada de gelo interditou a MGT-259 &#8211; Foto: Corpo de Bombeiros de Curvelo\/Divulga\u00e7\u00e3o)<\/em><br \/>\n<\/br><\/p>\n<p><strong>(O Tempo)<\/strong><\/p>\n","protected":false},"excerpt":{"rendered":"<p>A tempestade e o vendaval danificaram 17 casas e derrubaram 14 postes na cidade mineira O Minist\u00e9rio da Integra\u00e7\u00e3o Nacional, por meio da Secretaria Nacional de Prote\u00e7\u00e3o e Defesa Civil, reconheceu o pedido de situa\u00e7\u00e3o de emerg\u00eancia, declarado pela Prefeitura Municipal de Inimutaba, na regi\u00e3o Central de Minas Gerais. A decis\u00e3o foi publicada no Di\u00e1rio [&hellip;]<\/p>\n","protected":false},"author":1,"featured_media":35439,"comment_status":"open","ping_status":"closed","sticky":false,"template":"","format":"standard","meta":{"amp_status":"","footnotes":""},"categories":[123],"tags":[12061,12060,13327,13328],"class_list":["post-36843","post","type-post","status-publish","format-standard","has-post-thumbnail","hentry","category-gerais","tag-fotos-da-chuva-de-granizo-em-inimutaba","tag-inimutaba","tag-ministerio-da-integracao-reconhece-emergencia-de-inimutaba-atingida-por-tempestade-de-granizo","tag-situacao-de-emergencia-em-inimutaba"],"_links":{"self":[{"href":"https:\/\/aconteceunovale.com.br\/portal\/index.php?rest_route=\/wp\/v2\/posts\/36843","targetHints":{"allow":["GET"]}}],"collection":[{"href":"https:\/\/aconteceunovale.com.br\/portal\/index.php?rest_route=\/wp\/v2\/posts"}],"about":[{"href":"https:\/\/aconteceunovale.com.br\/portal\/index.php?rest_route=\/wp\/v2\/types\/post"}],"author":[{"embeddable":true,"href":"https:\/\/aconteceunovale.com.br\/portal\/index.php?rest_route=\/wp\/v2\/users\/1"}],"replies":[{"embeddable":true,"href":"https:\/\/aconteceunovale.com.br\/portal\/index.php?rest_route=%2Fwp%2Fv2%2Fcomments&post=36843"}],"version-history":[{"count":0,"href":"https:\/\/aconteceunovale.com.br\/portal\/index.php?rest_route=\/wp\/v2\/posts\/36843\/revisions"}],"wp:featuredmedia":[{"embeddable":true,"href":"https:\/\/aconteceunovale.com.br\/portal\/index.php?rest_route=\/wp\/v2\/media\/35439"}],"wp:attachment":[{"href":"https:\/\/aconteceunovale.com.br\/portal\/index.php?rest_route=%2Fwp%2Fv2%2Fmedia&parent=36843"}],"wp:term":[{"taxonomy":"category","embeddable":true,"href":"https:\/\/aconteceunovale.com.br\/portal\/index.php?rest_route=%2Fwp%2Fv2%2Fcategories&post=36843"},{"taxonomy":"post_tag","embeddable":true,"href":"https:\/\/aconteceunovale.com.br\/portal\/index.php?rest_route=%2Fwp%2Fv2%2Ftags&post=36843"}],"curies":[{"name":"wp","href":"https:\/\/api.w.org\/{rel}","templated":true}]}}