{"id":36840,"date":"2014-08-08T11:09:38","date_gmt":"2014-08-08T14:09:38","guid":{"rendered":"http:\/\/aconteceunovale.com.br\/portal\/?p=36840"},"modified":"2014-08-08T11:09:38","modified_gmt":"2014-08-08T14:09:38","slug":"estudo-vincula-falta-de-vitamina-d-a-risco-maior-de-demencia","status":"publish","type":"post","link":"https:\/\/aconteceunovale.com.br\/portal\/?p=36840","title":{"rendered":"Estudo vincula falta de vitamina D a risco maior de dem\u00eancia"},"content":{"rendered":"<h4><strong><em>Pacientes que sofriam de defici\u00eancia moderada de vitamina D tinham 53% mais riscos de desenvolver qualquer tipo de dem\u00eancia. Mas os que tinham uma defici\u00eancia severa viram este risco aumentar 125%<\/em><\/strong><\/h4>\n<p>As pessoas com idade avan\u00e7ada que n\u00e3o recebem quantidades suficientes de vitamina D correm mais riscos de sofrer dem\u00eancia ou mal de Alzheimer, revelou um estudo sobre o tema, publicado nesta quarta-feira.<\/p>\n<p>Os cientistas informaram na revista Neurology que as pessoas com defici\u00eancia severa nos n\u00edveis de vitamina D no organismo t\u00eam mais que o dobro de chances de vir a desenvolver dem\u00eancia e mal de Alzheimer do que aquelas que tiveram acesso a quantidades normais.<\/p>\n<p>A descoberta se baseia em um estudo, feito com 1.658 adultos com mais de 65 anos, saud\u00e1veis e capazes de caminhar sem ajuda. Os cientistas acompanharam sua evolu\u00e7\u00e3o durante seis anos. Ap\u00f3s este per\u00edodo, 171 participantes desenvolveram dem\u00eancia e 102, Alzheimer.<\/p>\n<p>Aqueles que sofriam de dem\u00eancia moderada de vitamina D tinham 53% mais riscos de desenvolver qualquer tipo de dem\u00eancia, mas os que tinham uma defici\u00eancia severa viram este risco aumentar 125% com rela\u00e7\u00e3o aos que apresentavam valores adequados desta vitamina.<\/p>\n<p>Percentuais similares foram observados no mal de Alzheimer. As pessoas com defici\u00eancia moderada de vitamina D tinham 69% mais chances de desenvolver a doen\u00e7a e os que apresentavam defici\u00eancia severa, um risco 122% maior.<\/p>\n<p>Os pesquisadores advertem que estes resultados n\u00e3o implicam que a defici\u00eancia de vitamina D cause dem\u00eancia, mas a exist\u00eancia de um v\u00ednculo que ainda precisa ser estudado. Os seres humanos obt\u00eam a vitamina D com exposi\u00e7\u00e3o ao sol e a ingest\u00e3o de peixes como o salm\u00e3o, o atum e a cavala, assim como leite, ovos e queijo. Ela tamb\u00e9m est\u00e1 dispon\u00edvel na forma de suplementos.<\/p>\n<p>No entanto, os cientistas dizem ser necess\u00e1rio estabelecer se o consumo destes alimentos ou de suplementos de vitamina D pode evitar estas doen\u00e7as.<\/p>\n<p>Atualmente, 44 milh\u00f5es de pessoas no mundo sofrem de dem\u00eancia, um n\u00famero que, se espera, triplique em 2050. <\/p>\n<p><strong><em>(Revista Info)<\/em><\/strong><\/p>\n","protected":false},"excerpt":{"rendered":"<p>Pacientes que sofriam de defici\u00eancia moderada de vitamina D tinham 53% mais riscos de desenvolver qualquer tipo de dem\u00eancia. Mas os que tinham uma defici\u00eancia severa viram este risco aumentar 125% As pessoas com idade avan\u00e7ada que n\u00e3o recebem quantidades suficientes de vitamina D correm mais riscos de sofrer dem\u00eancia ou mal de Alzheimer, revelou [&hellip;]<\/p>\n","protected":false},"author":1,"featured_media":36841,"comment_status":"open","ping_status":"closed","sticky":false,"template":"","format":"standard","meta":{"amp_status":"","footnotes":""},"categories":[6],"tags":[13325,13324,13326],"class_list":["post-36840","post","type-post","status-publish","format-standard","has-post-thumbnail","hentry","category-br","tag-demencia","tag-estudo-vincula-falta-de-vitamina-d-a-risco-maior-de-demencia","tag-pacientes-que-sofriam-de-deficiencia-moderada-de-vitamina-d-tinham-53-mais-riscos-de-desenvolver-qualquer-tipo-de-demencia-mas-os-que-tinham-uma-deficiencia-severa-viram-este-risco-aumentar-125"],"_links":{"self":[{"href":"https:\/\/aconteceunovale.com.br\/portal\/index.php?rest_route=\/wp\/v2\/posts\/36840","targetHints":{"allow":["GET"]}}],"collection":[{"href":"https:\/\/aconteceunovale.com.br\/portal\/index.php?rest_route=\/wp\/v2\/posts"}],"about":[{"href":"https:\/\/aconteceunovale.com.br\/portal\/index.php?rest_route=\/wp\/v2\/types\/post"}],"author":[{"embeddable":true,"href":"https:\/\/aconteceunovale.com.br\/portal\/index.php?rest_route=\/wp\/v2\/users\/1"}],"replies":[{"embeddable":true,"href":"https:\/\/aconteceunovale.com.br\/portal\/index.php?rest_route=%2Fwp%2Fv2%2Fcomments&post=36840"}],"version-history":[{"count":0,"href":"https:\/\/aconteceunovale.com.br\/portal\/index.php?rest_route=\/wp\/v2\/posts\/36840\/revisions"}],"wp:featuredmedia":[{"embeddable":true,"href":"https:\/\/aconteceunovale.com.br\/portal\/index.php?rest_route=\/wp\/v2\/media\/36841"}],"wp:attachment":[{"href":"https:\/\/aconteceunovale.com.br\/portal\/index.php?rest_route=%2Fwp%2Fv2%2Fmedia&parent=36840"}],"wp:term":[{"taxonomy":"category","embeddable":true,"href":"https:\/\/aconteceunovale.com.br\/portal\/index.php?rest_route=%2Fwp%2Fv2%2Fcategories&post=36840"},{"taxonomy":"post_tag","embeddable":true,"href":"https:\/\/aconteceunovale.com.br\/portal\/index.php?rest_route=%2Fwp%2Fv2%2Ftags&post=36840"}],"curies":[{"name":"wp","href":"https:\/\/api.w.org\/{rel}","templated":true}]}}