{"id":36837,"date":"2014-08-08T11:01:24","date_gmt":"2014-08-08T14:01:24","guid":{"rendered":"http:\/\/aconteceunovale.com.br\/portal\/?p=36837"},"modified":"2014-08-08T11:01:24","modified_gmt":"2014-08-08T14:01:24","slug":"epidemia-de-ebola-e-emergencia-de-saude-publica-mundial","status":"publish","type":"post","link":"https:\/\/aconteceunovale.com.br\/portal\/?p=36837","title":{"rendered":"Epidemia de ebola \u00e9 emerg\u00eancia de sa\u00fade p\u00fablica mundial"},"content":{"rendered":"<p>A Organiza\u00e7\u00e3o Mundial da Sa\u00fade (OMS) decretou nesta sexta-feira, 8 de agosto que a epidemia de febre hemorr\u00e1gica pelo v\u00edrus ebola, registrada em pelo menos quatro pa\u00edses da \u00c1frica Ocidental, \u00e9 emerg\u00eancia de sa\u00fade p\u00fablica de alcance mundial.<\/p>\n<p>&#8220;A OMS aceitou as conclus\u00f5es&#8221; da Comiss\u00e3o de Emerg\u00eancia Sanit\u00e1ria, que esteve reunida quarta (6) e quinta-feira desta semana em Genebra, informou a diretora-geral da organiza\u00e7\u00e3o, Margaret Chan. Segundo ela, a comiss\u00e3o foi un\u00e2nime em considerar que se verificam as condi\u00e7\u00f5es de uma emerg\u00eancia de sa\u00fade p\u00fablica de alcance mundial. Diante de uma situa\u00e7\u00e3o que continua a agravar-se, \u00e9 necess\u00e1ria uma resposta internacional coordenada para &#8220;travar e fazer recuar a propaga\u00e7\u00e3o internacional do ebola&#8221;, acrescentou.<\/p>\n<p>A epidemia de ebola, que j\u00e1 causou a morte de cerca de mil pessoas desde o in\u00edcio do ano, com mais de 1.700 casos suspeitos, \u00e9 a mais mais grave das \u00faltimas quatro d\u00e9cadas, destacou Chan.<\/p>\n<p>Ela disse que os pa\u00edses da \u00c1frica Ocidental mais atingidos &#8211; Lib\u00e9ria, Serra Leoa, Guin\u00e9-Conacri e Nig\u00e9ria &#8211; n\u00e3o t\u00eam meios para responder sozinhos \u00e0 doen\u00e7a e pediu \u00e0 comunidade internacional que forne\u00e7a o apoio necess\u00e1rio.<\/p>\n<p>A comiss\u00e3o alertou que os Estados devem estar preparados para detectar e tratar casos de ebola, al\u00e9m de facilitar a retirada de cidad\u00e3os, em particular pessoal m\u00e9dico, que estiveram expostos ao v\u00edrus da febre hemorr\u00e1gica.<\/p>\n<p>A comiss\u00e3o lembrou que os chefes de Estado dos pa\u00edses afetados devem &#8220;decretar estado de emerg\u00eancia&#8221; e &#8220;dirigir-se pessoalmente \u00e0 na\u00e7\u00e3o para fornecer informa\u00e7\u00f5es sobre a situa\u00e7\u00e3o&#8221;.<\/p>\n<p>O respons\u00e1vel da OMS para a epidemia, Keiji Fukuda, adjunto de Margaret Chan, disse que a quarentena de pessoas suspeitas de infec\u00e7\u00e3o deve ser 30 dias, j\u00e1 que o tempo de incuba\u00e7\u00e3o \u00e9 21 dias.<\/p>\n<p>As pessoas que estiveram em contato com os doentes, \u00e0 exce\u00e7\u00e3o do pessoal m\u00e9dico equipado com roupa protetora, n\u00e3o devem ser autorizadas a viajar.<\/p>\n<p>Keiji Fukuda lembrou ainda que as tripula\u00e7\u00f5es de voos comerciais, que se desloquem a pa\u00edses afetados, devem receber forma\u00e7\u00e3o espec\u00edfica e material m\u00e9dico para prote\u00e7\u00e3o pessoal e dos passageiros.<\/p>\n<p>&#8220;Impedir as companhias a\u00e9reas de viajar para esses pa\u00edses iria afetar a sua economia&#8221;, observou Chan.<\/p>\n<p>A comiss\u00e3o recomendou tamb\u00e9m que todas as pessoas que saiam de pa\u00edses afetados sejam examinadas nos aeroportos, portos e principais postos fronteiri\u00e7os, mediante um question\u00e1rio e medi\u00e7\u00e3o da temperatura, devendo ser impedidos de viajar quaisquer casos suspeitos.<\/p>\n<p>O v\u00edrus j\u00e1 causou pelo menos 932 mortos e infectou mais de 1.700 pessoas desde que surgiu, no in\u00edcio do ano, na Guin\u00e9-Conacri, de acordo com a OMS.<\/p>\n<p>A Lib\u00e9ria, a Guin\u00e9-Conacri e Serra Leoa decretaram estado de emerg\u00eancia. O v\u00edrus do ebola \u00e9 transmitido por contato direto com o sangue, l\u00edquidos ou tecidos de pessoas ou animais infectados.<\/p>\n<p>A febre manifesta-se por meio de hemorragias, v\u00f4mitos e diarreias. A taxa de mortalidade varia entre 25% e 90% e n\u00e3o \u00e9 conhecida uma vacina contra a doen\u00e7a.<\/p>\n<p>O v\u00edrus foi detectado pela primeira vez em 1976 na Rep\u00fablica Democr\u00e1tica do Congo. (Ag\u00eancia Brasil)<\/p>\n","protected":false},"excerpt":{"rendered":"<p>A Organiza\u00e7\u00e3o Mundial da Sa\u00fade (OMS) decretou nesta sexta-feira, 8 de agosto que a epidemia de febre hemorr\u00e1gica pelo v\u00edrus ebola, registrada em pelo menos quatro pa\u00edses da \u00c1frica Ocidental, \u00e9 emerg\u00eancia de sa\u00fade p\u00fablica de alcance mundial. &#8220;A OMS aceitou as conclus\u00f5es&#8221; da Comiss\u00e3o de Emerg\u00eancia Sanit\u00e1ria, que esteve reunida quarta (6) e quinta-feira [&hellip;]<\/p>\n","protected":false},"author":1,"featured_media":36838,"comment_status":"open","ping_status":"closed","sticky":false,"template":"","format":"standard","meta":{"amp_status":"","footnotes":""},"categories":[6],"tags":[13321,13322,13320,13323],"class_list":["post-36837","post","type-post","status-publish","format-standard","has-post-thumbnail","hentry","category-br","tag-ebola","tag-epidemia-de-ebola","tag-epidemia-de-ebola-e-emergencia-de-saude-publica-mundial","tag-virus-ebola"],"_links":{"self":[{"href":"https:\/\/aconteceunovale.com.br\/portal\/index.php?rest_route=\/wp\/v2\/posts\/36837","targetHints":{"allow":["GET"]}}],"collection":[{"href":"https:\/\/aconteceunovale.com.br\/portal\/index.php?rest_route=\/wp\/v2\/posts"}],"about":[{"href":"https:\/\/aconteceunovale.com.br\/portal\/index.php?rest_route=\/wp\/v2\/types\/post"}],"author":[{"embeddable":true,"href":"https:\/\/aconteceunovale.com.br\/portal\/index.php?rest_route=\/wp\/v2\/users\/1"}],"replies":[{"embeddable":true,"href":"https:\/\/aconteceunovale.com.br\/portal\/index.php?rest_route=%2Fwp%2Fv2%2Fcomments&post=36837"}],"version-history":[{"count":0,"href":"https:\/\/aconteceunovale.com.br\/portal\/index.php?rest_route=\/wp\/v2\/posts\/36837\/revisions"}],"wp:featuredmedia":[{"embeddable":true,"href":"https:\/\/aconteceunovale.com.br\/portal\/index.php?rest_route=\/wp\/v2\/media\/36838"}],"wp:attachment":[{"href":"https:\/\/aconteceunovale.com.br\/portal\/index.php?rest_route=%2Fwp%2Fv2%2Fmedia&parent=36837"}],"wp:term":[{"taxonomy":"category","embeddable":true,"href":"https:\/\/aconteceunovale.com.br\/portal\/index.php?rest_route=%2Fwp%2Fv2%2Fcategories&post=36837"},{"taxonomy":"post_tag","embeddable":true,"href":"https:\/\/aconteceunovale.com.br\/portal\/index.php?rest_route=%2Fwp%2Fv2%2Ftags&post=36837"}],"curies":[{"name":"wp","href":"https:\/\/api.w.org\/{rel}","templated":true}]}}