{"id":36791,"date":"2014-08-07T17:04:32","date_gmt":"2014-08-07T20:04:32","guid":{"rendered":"http:\/\/aconteceunovale.com.br\/portal\/?p=36791"},"modified":"2014-08-07T17:04:32","modified_gmt":"2014-08-07T20:04:32","slug":"ambev-abre-inscricoes-para-programa-trainee-2015","status":"publish","type":"post","link":"https:\/\/aconteceunovale.com.br\/portal\/?p=36791","title":{"rendered":"Ambev abre inscri\u00e7\u00f5es para Programa Trainee 2015"},"content":{"rendered":"<p>A Ambev abriu as inscri\u00e7\u00f5es para o Programa Trainee 2015. Os candidatos interessados podem se inscrever atrav\u00e9s do site <a href=\"http:\/\/www.traineeambev.com.br\" target=\"_blank\">www.traineeambev.com.br<\/a> at\u00e9 o dia 7 de setembro.  <\/p>\n<p>Podem se candidatar jovens de todo Brasil com dois anos de formados ou com previs\u00e3o de formatura para o final de 2014 nos cursos de Administra\u00e7\u00e3o de Empresas (diversas habilita\u00e7\u00f5es), Administra\u00e7\u00e3o P\u00fablica, Agronomia, Agroneg\u00f3cios, An\u00e1lise de Sistemas, Biologia, Bioqu\u00edmica, Biotecnologia, Ci\u00eancias Cont\u00e1beis, Ci\u00eancias da Computa\u00e7\u00e3o, Ci\u00eancia dos Alimentos, Com\u00e9rcio Exterior, Comunica\u00e7\u00e3o Social (habilita\u00e7\u00e3o em Marketing, Jornalismo, Publicidade e Propaganda, Rela\u00e7\u00f5es P\u00fablicas, Comunica\u00e7\u00e3o Mercadol\u00f3gica, Comunica\u00e7\u00e3o e Multimeios, Propaganda e Marketing), Controladoria e Finan\u00e7as, Design, Direito, Direito Internacional, Economia, Engenharia (todas), Estat\u00edstica, Farm\u00e1cia, F\u00edsica, Psicologia, Qu\u00edmica, Matem\u00e1tica, Processamento de Dados, Rela\u00e7\u00f5es Internacionais ou Sistemas da Informa\u00e7\u00e3o.<\/p>\n<h4>Processo Seletivo<\/h4>\n<p>O Processo seletivo \u00e9 dividido em quatro etapas. Na primeira etapa s\u00e3o realizadas provas online de perfil, ingl\u00eas e racioc\u00ednio l\u00f3gico. Em seguida, os candidatos classificados, devem produzir um projeto e apresent\u00e1-lo virtualmente. Na terceira etapa acontecem as entrevistas presenciais com a realiza\u00e7\u00e3o de um painel de neg\u00f3cios, no qual os jovens desenvolvem um case em equipe. Na parte final, os candidatos s\u00e3o entrevistados individualmente pelos diretores e o presidente da Ambev. <\/p>\n<p><img decoding=\"async\" src=\"http:\/\/aconteceunovale.com.br\/portal\/wp-content\/uploads\/2014\/08\/trainee_ambev.jpg\" alt=\"\" \/><em>(Fonte: Hoje em Dia \/ Foto: Ambev\/Divulga\u00e7\u00e3o)<\/em><\/p>\n","protected":false},"excerpt":{"rendered":"<p>A Ambev abriu as inscri\u00e7\u00f5es para o Programa Trainee 2015. Os candidatos interessados podem se inscrever atrav\u00e9s do site www.traineeambev.com.br at\u00e9 o dia 7 de setembro. Podem se candidatar jovens de todo Brasil com dois anos de formados ou com previs\u00e3o de formatura para o final de 2014 nos cursos de Administra\u00e7\u00e3o de Empresas (diversas [&hellip;]<\/p>\n","protected":false},"author":1,"featured_media":36792,"comment_status":"open","ping_status":"closed","sticky":false,"template":"","format":"standard","meta":{"amp_status":"","footnotes":""},"categories":[6],"tags":[13283,13285,13284],"class_list":["post-36791","post","type-post","status-publish","format-standard","has-post-thumbnail","hentry","category-br","tag-ambev-abre-inscricoes-para-programa-trainee-2015","tag-inscricoes-no-programa-trainee-da-ambev","tag-programa-trainee-da-ambev"],"_links":{"self":[{"href":"https:\/\/aconteceunovale.com.br\/portal\/index.php?rest_route=\/wp\/v2\/posts\/36791","targetHints":{"allow":["GET"]}}],"collection":[{"href":"https:\/\/aconteceunovale.com.br\/portal\/index.php?rest_route=\/wp\/v2\/posts"}],"about":[{"href":"https:\/\/aconteceunovale.com.br\/portal\/index.php?rest_route=\/wp\/v2\/types\/post"}],"author":[{"embeddable":true,"href":"https:\/\/aconteceunovale.com.br\/portal\/index.php?rest_route=\/wp\/v2\/users\/1"}],"replies":[{"embeddable":true,"href":"https:\/\/aconteceunovale.com.br\/portal\/index.php?rest_route=%2Fwp%2Fv2%2Fcomments&post=36791"}],"version-history":[{"count":0,"href":"https:\/\/aconteceunovale.com.br\/portal\/index.php?rest_route=\/wp\/v2\/posts\/36791\/revisions"}],"wp:featuredmedia":[{"embeddable":true,"href":"https:\/\/aconteceunovale.com.br\/portal\/index.php?rest_route=\/wp\/v2\/media\/36792"}],"wp:attachment":[{"href":"https:\/\/aconteceunovale.com.br\/portal\/index.php?rest_route=%2Fwp%2Fv2%2Fmedia&parent=36791"}],"wp:term":[{"taxonomy":"category","embeddable":true,"href":"https:\/\/aconteceunovale.com.br\/portal\/index.php?rest_route=%2Fwp%2Fv2%2Fcategories&post=36791"},{"taxonomy":"post_tag","embeddable":true,"href":"https:\/\/aconteceunovale.com.br\/portal\/index.php?rest_route=%2Fwp%2Fv2%2Ftags&post=36791"}],"curies":[{"name":"wp","href":"https:\/\/api.w.org\/{rel}","templated":true}]}}