{"id":36479,"date":"2014-08-04T11:36:21","date_gmt":"2014-08-04T14:36:21","guid":{"rendered":"http:\/\/aconteceunovale.com.br\/portal\/?p=36479"},"modified":"2026-09-02T12:22:56","modified_gmt":"2026-09-02T15:22:56","slug":"desafios-climaticos-e-economicos-do-vale-do-jequitinhonha-serao-debatidos-em-aracuai","status":"publish","type":"post","link":"https:\/\/aconteceunovale.com.br\/portal\/?p=36479","title":{"rendered":"Desafios clim\u00e1ticos e econ\u00f4micos do Vale do Jequitinhonha ser\u00e3o debatidos em Ara\u00e7ua\u00ed"},"content":{"rendered":"<p>Com o intuito de debater sobre os desafios clim\u00e1ticos e econ\u00f4micos enfrentados pelos munic\u00edpios da regi\u00e3o do Vale do Jequitinhonha, o Conselho Regional de Engenharia e Agronomia de Minas Gerais (Crea-Minas) realiza o Semin\u00e1rio \u00c1gua e Terra \u2013 O futuro do Vale do Jequitinhonha, no dia 8 de agosto, em Ara\u00e7ua\u00ed. As palestras e pain\u00e9is de discuss\u00e3o ser\u00e3o gratuitos e abertos ao p\u00fablico.<\/p>\n<p>Segundo a inspetora-chefe do Crea-Minas na cidade, a engenheira civil Maria L\u00facia Ferreira de Souza, a iniciativa foi motivada pela necessidade de discuss\u00e3o em torno dos problemas estruturais e da falta de planejamento verificado na regi\u00e3o. \u201cA realidade de hoje s\u00e3o cidades carentes que convivem com os problemas cr\u00f4nicos do Vale, como a falta de \u00e1gua e o solo inf\u00e9rtil\u201d, avalia Maria L\u00facia.<\/p>\n<p><img decoding=\"async\" src=\"http:\/\/aconteceunovale.com.br\/portal\/wp-content\/uploads\/2014\/08\/debate_jequi.jpg\" alt=\"\" \/><em>Especialistas e t\u00e9cnicos v\u00e3o abordar temas relativos ao desenvolvimento da regi\u00e3o &#8211; Foto: Lori Figueir\u00f3<\/em><br \/>\n<\/br><\/p>\n<p>Segundo ela, um dos objetivos do semin\u00e1rio \u00e9 propor alternativas de desenvolvimento vi\u00e1veis e compat\u00edveis com as condi\u00e7\u00f5es locais como o investimento no plantio de culturas que se adaptem ao clima e solo da regi\u00e3o. \u201cHoje n\u00e3o temos uma produ\u00e7\u00e3o agr\u00edcola forte. As pessoas, praticamente, produzem para sobreviver\u201d, comenta.<\/p>\n<p>Durante o semin\u00e1rio, especialistas e t\u00e9cnicos v\u00e3o abordar temas relativos ao desenvolvimento da regi\u00e3o. <\/p>\n<p>Um dos idealizadores do evento, o presidente do Crea-Minas, o engenheiro civil Jobson Andrade, far\u00e1 a abertura do evento \u00e0s 9h.<\/p>\n<p>O primeiro painel ter\u00e1 como tema \u201c\u00c1gua e terra: Cen\u00e1rio atual e perspectivas\u201d e o segundo ser\u00e1 apresentado com o assunto \u201cCondi\u00e7\u00f5es para o desenvolvimento econ\u00f4mico do Vale\u201d.<\/p>\n<p>Os debates ser\u00e3o conduzidos pelo Instituto Estadual de Florestas (IEF), pela Empresa de Assist\u00eancia T\u00e9cnica e Extens\u00e3o Rural de Minas Gerias (Emater), pelo Instituto Mineiro de Gest\u00e3o das \u00c1guas (Igam) e pela Sociedade Mineira de Engenheiros Agr\u00f4nomos (SMEA).<\/p>\n<p>Ao longo do evento, ser\u00e1 feito um levantamento de propostas entre o p\u00fablico para elabora\u00e7\u00e3o da Carta para o Desenvolvimento do Vale do Jequitinhonha, que ser\u00e1 apresentado \u00e0 popula\u00e7\u00e3o no mesmo dia e encaminhada, posteriormente, \u00e0s diferentes esferas de governo, al\u00e9m dos \u00f3rg\u00e3os competentes.<\/p>\n<p>No fechamento do evento, em uma iniciativa junto ao Crea Cultural, os presentes poder\u00e3o conferir a apresenta\u00e7\u00e3o musical \u201cA Cultura do Vale\u201d, com Dori Mendes e Luciano Tanure.<\/p>\n<h4>Servi\u00e7o:<\/h4>\n<p>Data: 08\/08\/14<br \/>\nHor\u00e1rio: 8h30 \u00e0s 18h<br \/>\nLocal: Centro Cultural Luz da Lua \u2013 Rua D. Serafim, 426, Centro \u2013 Ara\u00e7ua\u00ed \u2013 MG.<\/p>\n","protected":false},"excerpt":{"rendered":"<p>Com o intuito de debater sobre os desafios clim\u00e1ticos e econ\u00f4micos enfrentados pelos munic\u00edpios da regi\u00e3o do Vale do Jequitinhonha, o Conselho Regional de Engenharia e Agronomia de Minas Gerais (Crea-Minas) realiza o Semin\u00e1rio \u00c1gua e Terra \u2013 O futuro do Vale do Jequitinhonha, no dia 8 de agosto, em Ara\u00e7ua\u00ed. As palestras e pain\u00e9is [&hellip;]<\/p>\n","protected":false},"author":1,"featured_media":36480,"comment_status":"open","ping_status":"closed","sticky":false,"template":"","format":"standard","meta":{"amp_status":"","footnotes":""},"categories":[272530,120],"tags":[186,13056,13054,1018,13055],"class_list":["post-36479","post","type-post","status-publish","format-standard","has-post-thumbnail","hentry","category-aracuai","category-jequi","tag-aracuai","tag-desafios-climaticos-e-economicos-do-vale-do-jequitinhonha-serao-debatidos-em-aracuai","tag-desafios-climaticos-e-economicos-enfrentados-pelos-municipios-da-regiao-do-vale-do-jequitinhonha","tag-destaque","tag-seminario-agua-e-terra-o-futuro-do-vale-do-jequitinhonha"],"yoast_head":"<!-- This site is optimized with the Yoast SEO plugin v28.3 - https:\/\/yoast.com\/product\/yoast-seo-wordpress\/ -->\n<title>Desafios clim\u00e1ticos e econ\u00f4micos do Vale do Jequitinhonha ser\u00e3o debatidos em Ara\u00e7ua\u00ed - Aconteceu no Vale<\/title>\n<meta name=\"robots\" content=\"index, follow, max-snippet:-1, max-image-preview:large, max-video-preview:-1\" \/>\n<link rel=\"canonical\" href=\"https:\/\/aconteceunovale.com.br\/portal\/?p=36479\" \/>\n<meta property=\"og:locale\" content=\"pt_BR\" \/>\n<meta property=\"og:type\" content=\"article\" \/>\n<meta property=\"og:title\" content=\"Desafios clim\u00e1ticos e econ\u00f4micos do Vale do Jequitinhonha ser\u00e3o debatidos em Ara\u00e7ua\u00ed - Aconteceu no Vale\" \/>\n<meta property=\"og:description\" content=\"Com o intuito de debater sobre os desafios clim\u00e1ticos e econ\u00f4micos enfrentados pelos munic\u00edpios da regi\u00e3o do Vale do Jequitinhonha, o Conselho Regional de Engenharia e Agronomia de Minas Gerais (Crea-Minas) realiza o Semin\u00e1rio \u00c1gua e Terra \u2013 O futuro do Vale do Jequitinhonha, no dia 8 de agosto, em Ara\u00e7ua\u00ed. As palestras e pain\u00e9is [&hellip;]\" \/>\n<meta property=\"og:url\" content=\"https:\/\/aconteceunovale.com.br\/portal\/?p=36479\" \/>\n<meta property=\"og:site_name\" content=\"Aconteceu no Vale\" \/>\n<meta property=\"article:publisher\" content=\"https:\/\/www.facebook.com\/aconteceunovale\/\" \/>\n<meta property=\"article:published_time\" content=\"2014-08-04T14:36:21+00:00\" \/>\n<meta property=\"article:modified_time\" content=\"2026-09-02T15:22:56+00:00\" \/>\n<meta property=\"og:image\" content=\"https:\/\/aconteceunovale.com.br\/portal\/wp-content\/uploads\/2014\/08\/debate_jequi.jpg\" \/>\n\t<meta property=\"og:image:width\" content=\"640\" \/>\n\t<meta property=\"og:image:height\" content=\"404\" \/>\n\t<meta property=\"og:image:type\" content=\"image\/jpeg\" \/>\n<meta name=\"author\" content=\"Aconteceu no Vale\" \/>\n<meta name=\"twitter:card\" content=\"summary_large_image\" \/>\n<meta name=\"twitter:creator\" content=\"@noticiadosvales\" \/>\n<meta name=\"twitter:site\" content=\"@noticiadosvales\" \/>\n<meta name=\"twitter:label1\" content=\"Escrito por\" \/>\n\t<meta name=\"twitter:data1\" content=\"Aconteceu no Vale\" \/>\n\t<meta name=\"twitter:label2\" content=\"Est. tempo de leitura\" \/>\n\t<meta name=\"twitter:data2\" content=\"2 minutos\" \/>\n<script type=\"application\/ld+json\" class=\"yoast-schema-graph\">{\"@context\":\"https:\\\/\\\/schema.org\",\"@graph\":[{\"@type\":\"Article\",\"@id\":\"https:\\\/\\\/aconteceunovale.com.br\\\/portal\\\/?p=36479#article\",\"isPartOf\":{\"@id\":\"https:\\\/\\\/aconteceunovale.com.br\\\/portal\\\/?p=36479\"},\"author\":{\"name\":\"Aconteceu no Vale\",\"@id\":\"https:\\\/\\\/aconteceunovale.com.br\\\/portal\\\/#\\\/schema\\\/person\\\/633529146f2c94272bef50ac2953d589\"},\"headline\":\"Desafios clim\u00e1ticos e econ\u00f4micos do Vale do Jequitinhonha ser\u00e3o debatidos em Ara\u00e7ua\u00ed\",\"datePublished\":\"2014-08-04T14:36:21+00:00\",\"dateModified\":\"2026-09-02T15:22:56+00:00\",\"mainEntityOfPage\":{\"@id\":\"https:\\\/\\\/aconteceunovale.com.br\\\/portal\\\/?p=36479\"},\"wordCount\":444,\"commentCount\":0,\"image\":{\"@id\":\"https:\\\/\\\/aconteceunovale.com.br\\\/portal\\\/?p=36479#primaryimage\"},\"thumbnailUrl\":\"https:\\\/\\\/aconteceunovale.com.br\\\/portal\\\/wp-content\\\/uploads\\\/2014\\\/08\\\/debate_jequi.jpg\",\"keywords\":[\"Ara\u00e7ua\u00ed\",\"Desafios clim\u00e1ticos e econ\u00f4micos do Vale do Jequitinhonha ser\u00e3o debatidos em Ara\u00e7ua\u00ed\",\"desafios clim\u00e1ticos e econ\u00f4micos enfrentados pelos munic\u00edpios da regi\u00e3o do Vale do Jequitinhonha\",\"destaque\",\"Semin\u00e1rio \u00c1gua e Terra \u2013 O futuro do Vale do Jequitinhonha\"],\"articleSection\":[\"Ara\u00e7ua\u00ed\",\"Vale do Jequitinhonha\"],\"inLanguage\":\"pt-BR\",\"potentialAction\":[{\"@type\":\"CommentAction\",\"name\":\"Comment\",\"target\":[\"https:\\\/\\\/aconteceunovale.com.br\\\/portal\\\/?p=36479#respond\"]}]},{\"@type\":\"WebPage\",\"@id\":\"https:\\\/\\\/aconteceunovale.com.br\\\/portal\\\/?p=36479\",\"url\":\"https:\\\/\\\/aconteceunovale.com.br\\\/portal\\\/?p=36479\",\"name\":\"Desafios clim\u00e1ticos e econ\u00f4micos do Vale do Jequitinhonha ser\u00e3o debatidos em Ara\u00e7ua\u00ed - Aconteceu no Vale\",\"isPartOf\":{\"@id\":\"https:\\\/\\\/aconteceunovale.com.br\\\/portal\\\/#website\"},\"primaryImageOfPage\":{\"@id\":\"https:\\\/\\\/aconteceunovale.com.br\\\/portal\\\/?p=36479#primaryimage\"},\"image\":{\"@id\":\"https:\\\/\\\/aconteceunovale.com.br\\\/portal\\\/?p=36479#primaryimage\"},\"thumbnailUrl\":\"https:\\\/\\\/aconteceunovale.com.br\\\/portal\\\/wp-content\\\/uploads\\\/2014\\\/08\\\/debate_jequi.jpg\",\"datePublished\":\"2014-08-04T14:36:21+00:00\",\"dateModified\":\"2026-09-02T15:22:56+00:00\",\"author\":{\"@id\":\"https:\\\/\\\/aconteceunovale.com.br\\\/portal\\\/#\\\/schema\\\/person\\\/633529146f2c94272bef50ac2953d589\"},\"breadcrumb\":{\"@id\":\"https:\\\/\\\/aconteceunovale.com.br\\\/portal\\\/?p=36479#breadcrumb\"},\"inLanguage\":\"pt-BR\",\"potentialAction\":[{\"@type\":\"ReadAction\",\"target\":[\"https:\\\/\\\/aconteceunovale.com.br\\\/portal\\\/?p=36479\"]}]},{\"@type\":\"ImageObject\",\"inLanguage\":\"pt-BR\",\"@id\":\"https:\\\/\\\/aconteceunovale.com.br\\\/portal\\\/?p=36479#primaryimage\",\"url\":\"https:\\\/\\\/aconteceunovale.com.br\\\/portal\\\/wp-content\\\/uploads\\\/2014\\\/08\\\/debate_jequi.jpg\",\"contentUrl\":\"https:\\\/\\\/aconteceunovale.com.br\\\/portal\\\/wp-content\\\/uploads\\\/2014\\\/08\\\/debate_jequi.jpg\",\"width\":640,\"height\":404},{\"@type\":\"BreadcrumbList\",\"@id\":\"https:\\\/\\\/aconteceunovale.com.br\\\/portal\\\/?p=36479#breadcrumb\",\"itemListElement\":[{\"@type\":\"ListItem\",\"position\":1,\"name\":\"In\u00edcio\",\"item\":\"https:\\\/\\\/aconteceunovale.com.br\\\/portal\\\/\"},{\"@type\":\"ListItem\",\"position\":2,\"name\":\"Desafios clim\u00e1ticos e econ\u00f4micos do Vale do Jequitinhonha ser\u00e3o debatidos em Ara\u00e7ua\u00ed\"}]},{\"@type\":\"WebSite\",\"@id\":\"https:\\\/\\\/aconteceunovale.com.br\\\/portal\\\/#website\",\"url\":\"https:\\\/\\\/aconteceunovale.com.br\\\/portal\\\/\",\"name\":\"Aconteceu no Vale\",\"description\":\"Portal de Not\u00edcias\",\"potentialAction\":[{\"@type\":\"SearchAction\",\"target\":{\"@type\":\"EntryPoint\",\"urlTemplate\":\"https:\\\/\\\/aconteceunovale.com.br\\\/portal\\\/?s={search_term_string}\"},\"query-input\":{\"@type\":\"PropertyValueSpecification\",\"valueRequired\":true,\"valueName\":\"search_term_string\"}}],\"inLanguage\":\"pt-BR\"},{\"@type\":\"Person\",\"@id\":\"https:\\\/\\\/aconteceunovale.com.br\\\/portal\\\/#\\\/schema\\\/person\\\/633529146f2c94272bef50ac2953d589\",\"name\":\"Aconteceu no Vale\",\"description\":\"Equipe de reportagem do Aconteceu no Vale, portal de not\u00edcias do Vale do Jequitinhonha, em Minas Gerais. Cobrimos as 51 cidades do Vale desde 2013. Sugest\u00f5es de pauta e pedidos de corre\u00e7\u00e3o: contato@aconteceunovale.com.br\",\"sameAs\":[\"http:\\\/\\\/www.aconteceunovale.com.br\"],\"url\":\"https:\\\/\\\/aconteceunovale.com.br\\\/portal\\\/?author=1\"}]}<\/script>\n<!-- \/ Yoast SEO plugin. -->","yoast_head_json":{"title":"Desafios clim\u00e1ticos e econ\u00f4micos do Vale do Jequitinhonha ser\u00e3o debatidos em Ara\u00e7ua\u00ed - Aconteceu no Vale","robots":{"index":"index","follow":"follow","max-snippet":"max-snippet:-1","max-image-preview":"max-image-preview:large","max-video-preview":"max-video-preview:-1"},"canonical":"https:\/\/aconteceunovale.com.br\/portal\/?p=36479","og_locale":"pt_BR","og_type":"article","og_title":"Desafios clim\u00e1ticos e econ\u00f4micos do Vale do Jequitinhonha ser\u00e3o debatidos em Ara\u00e7ua\u00ed - Aconteceu no Vale","og_description":"Com o intuito de debater sobre os desafios clim\u00e1ticos e econ\u00f4micos enfrentados pelos munic\u00edpios da regi\u00e3o do Vale do Jequitinhonha, o Conselho Regional de Engenharia e Agronomia de Minas Gerais (Crea-Minas) realiza o Semin\u00e1rio \u00c1gua e Terra \u2013 O futuro do Vale do Jequitinhonha, no dia 8 de agosto, em Ara\u00e7ua\u00ed. As palestras e pain\u00e9is [&hellip;]","og_url":"https:\/\/aconteceunovale.com.br\/portal\/?p=36479","og_site_name":"Aconteceu no Vale","article_publisher":"https:\/\/www.facebook.com\/aconteceunovale\/","article_published_time":"2014-08-04T14:36:21+00:00","article_modified_time":"2026-09-02T15:22:56+00:00","og_image":[{"width":640,"height":404,"url":"https:\/\/aconteceunovale.com.br\/portal\/wp-content\/uploads\/2014\/08\/debate_jequi.jpg","type":"image\/jpeg"}],"author":"Aconteceu no Vale","twitter_card":"summary_large_image","twitter_creator":"@noticiadosvales","twitter_site":"@noticiadosvales","twitter_misc":{"Escrito por":"Aconteceu no Vale","Est. tempo de leitura":"2 minutos"},"schema":{"@context":"https:\/\/schema.org","@graph":[{"@type":"Article","@id":"https:\/\/aconteceunovale.com.br\/portal\/?p=36479#article","isPartOf":{"@id":"https:\/\/aconteceunovale.com.br\/portal\/?p=36479"},"author":{"name":"Aconteceu no Vale","@id":"https:\/\/aconteceunovale.com.br\/portal\/#\/schema\/person\/633529146f2c94272bef50ac2953d589"},"headline":"Desafios clim\u00e1ticos e econ\u00f4micos do Vale do Jequitinhonha ser\u00e3o debatidos em Ara\u00e7ua\u00ed","datePublished":"2014-08-04T14:36:21+00:00","dateModified":"2026-09-02T15:22:56+00:00","mainEntityOfPage":{"@id":"https:\/\/aconteceunovale.com.br\/portal\/?p=36479"},"wordCount":444,"commentCount":0,"image":{"@id":"https:\/\/aconteceunovale.com.br\/portal\/?p=36479#primaryimage"},"thumbnailUrl":"https:\/\/aconteceunovale.com.br\/portal\/wp-content\/uploads\/2014\/08\/debate_jequi.jpg","keywords":["Ara\u00e7ua\u00ed","Desafios clim\u00e1ticos e econ\u00f4micos do Vale do Jequitinhonha ser\u00e3o debatidos em Ara\u00e7ua\u00ed","desafios clim\u00e1ticos e econ\u00f4micos enfrentados pelos munic\u00edpios da regi\u00e3o do Vale do Jequitinhonha","destaque","Semin\u00e1rio \u00c1gua e Terra \u2013 O futuro do Vale do Jequitinhonha"],"articleSection":["Ara\u00e7ua\u00ed","Vale do Jequitinhonha"],"inLanguage":"pt-BR","potentialAction":[{"@type":"CommentAction","name":"Comment","target":["https:\/\/aconteceunovale.com.br\/portal\/?p=36479#respond"]}]},{"@type":"WebPage","@id":"https:\/\/aconteceunovale.com.br\/portal\/?p=36479","url":"https:\/\/aconteceunovale.com.br\/portal\/?p=36479","name":"Desafios clim\u00e1ticos e econ\u00f4micos do Vale do Jequitinhonha ser\u00e3o debatidos em Ara\u00e7ua\u00ed - Aconteceu no Vale","isPartOf":{"@id":"https:\/\/aconteceunovale.com.br\/portal\/#website"},"primaryImageOfPage":{"@id":"https:\/\/aconteceunovale.com.br\/portal\/?p=36479#primaryimage"},"image":{"@id":"https:\/\/aconteceunovale.com.br\/portal\/?p=36479#primaryimage"},"thumbnailUrl":"https:\/\/aconteceunovale.com.br\/portal\/wp-content\/uploads\/2014\/08\/debate_jequi.jpg","datePublished":"2014-08-04T14:36:21+00:00","dateModified":"2026-09-02T15:22:56+00:00","author":{"@id":"https:\/\/aconteceunovale.com.br\/portal\/#\/schema\/person\/633529146f2c94272bef50ac2953d589"},"breadcrumb":{"@id":"https:\/\/aconteceunovale.com.br\/portal\/?p=36479#breadcrumb"},"inLanguage":"pt-BR","potentialAction":[{"@type":"ReadAction","target":["https:\/\/aconteceunovale.com.br\/portal\/?p=36479"]}]},{"@type":"ImageObject","inLanguage":"pt-BR","@id":"https:\/\/aconteceunovale.com.br\/portal\/?p=36479#primaryimage","url":"https:\/\/aconteceunovale.com.br\/portal\/wp-content\/uploads\/2014\/08\/debate_jequi.jpg","contentUrl":"https:\/\/aconteceunovale.com.br\/portal\/wp-content\/uploads\/2014\/08\/debate_jequi.jpg","width":640,"height":404},{"@type":"BreadcrumbList","@id":"https:\/\/aconteceunovale.com.br\/portal\/?p=36479#breadcrumb","itemListElement":[{"@type":"ListItem","position":1,"name":"In\u00edcio","item":"https:\/\/aconteceunovale.com.br\/portal\/"},{"@type":"ListItem","position":2,"name":"Desafios clim\u00e1ticos e econ\u00f4micos do Vale do Jequitinhonha ser\u00e3o debatidos em Ara\u00e7ua\u00ed"}]},{"@type":"WebSite","@id":"https:\/\/aconteceunovale.com.br\/portal\/#website","url":"https:\/\/aconteceunovale.com.br\/portal\/","name":"Aconteceu no Vale","description":"Portal de Not\u00edcias","potentialAction":[{"@type":"SearchAction","target":{"@type":"EntryPoint","urlTemplate":"https:\/\/aconteceunovale.com.br\/portal\/?s={search_term_string}"},"query-input":{"@type":"PropertyValueSpecification","valueRequired":true,"valueName":"search_term_string"}}],"inLanguage":"pt-BR"},{"@type":"Person","@id":"https:\/\/aconteceunovale.com.br\/portal\/#\/schema\/person\/633529146f2c94272bef50ac2953d589","name":"Aconteceu no Vale","description":"Equipe de reportagem do Aconteceu no Vale, portal de not\u00edcias do Vale do Jequitinhonha, em Minas Gerais. Cobrimos as 51 cidades do Vale desde 2013. Sugest\u00f5es de pauta e pedidos de corre\u00e7\u00e3o: contato@aconteceunovale.com.br","sameAs":["http:\/\/www.aconteceunovale.com.br"],"url":"https:\/\/aconteceunovale.com.br\/portal\/?author=1"}]}},"_links":{"self":[{"href":"https:\/\/aconteceunovale.com.br\/portal\/index.php?rest_route=\/wp\/v2\/posts\/36479","targetHints":{"allow":["GET"]}}],"collection":[{"href":"https:\/\/aconteceunovale.com.br\/portal\/index.php?rest_route=\/wp\/v2\/posts"}],"about":[{"href":"https:\/\/aconteceunovale.com.br\/portal\/index.php?rest_route=\/wp\/v2\/types\/post"}],"author":[{"embeddable":true,"href":"https:\/\/aconteceunovale.com.br\/portal\/index.php?rest_route=\/wp\/v2\/users\/1"}],"replies":[{"embeddable":true,"href":"https:\/\/aconteceunovale.com.br\/portal\/index.php?rest_route=%2Fwp%2Fv2%2Fcomments&post=36479"}],"version-history":[{"count":1,"href":"https:\/\/aconteceunovale.com.br\/portal\/index.php?rest_route=\/wp\/v2\/posts\/36479\/revisions"}],"predecessor-version":[{"id":199784,"href":"https:\/\/aconteceunovale.com.br\/portal\/index.php?rest_route=\/wp\/v2\/posts\/36479\/revisions\/199784"}],"wp:featuredmedia":[{"embeddable":true,"href":"https:\/\/aconteceunovale.com.br\/portal\/index.php?rest_route=\/wp\/v2\/media\/36480"}],"wp:attachment":[{"href":"https:\/\/aconteceunovale.com.br\/portal\/index.php?rest_route=%2Fwp%2Fv2%2Fmedia&parent=36479"}],"wp:term":[{"taxonomy":"category","embeddable":true,"href":"https:\/\/aconteceunovale.com.br\/portal\/index.php?rest_route=%2Fwp%2Fv2%2Fcategories&post=36479"},{"taxonomy":"post_tag","embeddable":true,"href":"https:\/\/aconteceunovale.com.br\/portal\/index.php?rest_route=%2Fwp%2Fv2%2Ftags&post=36479"}],"curies":[{"name":"wp","href":"https:\/\/api.w.org\/{rel}","templated":true}]}}