{"id":36474,"date":"2014-08-04T11:17:56","date_gmt":"2014-08-04T14:17:56","guid":{"rendered":"http:\/\/aconteceunovale.com.br\/portal\/?p=36474"},"modified":"2014-08-04T11:17:56","modified_gmt":"2014-08-04T14:17:56","slug":"cavalo-utilizado-em-passeios-turisticos-desmaia-de-exaustao-em-pocos-de-caldas","status":"publish","type":"post","link":"https:\/\/aconteceunovale.com.br\/portal\/?p=36474","title":{"rendered":"Cavalo utilizado em passeios tur\u00edsticos desmaia de exaust\u00e3o em Po\u00e7os de Caldas"},"content":{"rendered":"<p>Um v\u00eddeo compartilhado nas redes sociais por protetores dos animais de Po\u00e7os de Caldas, no Sul de Minas Gerais, gerou indigna\u00e7\u00e3o entre a popula\u00e7\u00e3o na \u00faltima semana. As imagens mostram um cavalo que puxava uma charrete e que caiu no meio de um morro por exaust\u00e3o.<\/p>\n<p>Para os protetores dos animais, apesar dos passeios de charrete serem um dos principais atrativos tur\u00edsticos da cidade, os cavalos sofrem maus tratos e a fiscaliza\u00e7\u00e3o n\u00e3o \u00e9 feita. &#8220;Lament\u00e1vel ver uma cena dessas. Sei que charreteiros precisam trabalhar, mas deveria haver uma fiscaliza\u00e7\u00e3o maior e uma outra alternativa, lembrando que al\u00e9m de respeito aos animais temos que respeitar o ser humano&#8221;, dizia a postagem que compartilhava o v\u00eddeo.<\/p>\n<p>As imagens foram feitas na rua Bar\u00e3o do Campo M\u00edstico, no centro da cidade. O animal que puxava o ve\u00edculo n\u00e3o aguentou subir o morro e caiu, ficando por alguns minutos estendido no ch\u00e3o. No v\u00eddeo de poucos minutos \u00e9 poss\u00edvel ver o dono do cavalo tentando levant\u00e1-lo v\u00e1rias vezes sem sucesso. Ap\u00f3s algum tempo, o animal teria levantado e seguido viagem. Veja o flagrante:<\/p>\n<p><iframe loading=\"lazy\" width=\"640\" height=\"480\" src=\"\/\/www.youtube.com\/embed\/KGSaNLbwN2s\" frameborder=\"0\" allowfullscreen><\/iframe><\/p>\n<p><strong>(O Tempo)<\/strong><\/p>\n","protected":false},"excerpt":{"rendered":"<p>Um v\u00eddeo compartilhado nas redes sociais por protetores dos animais de Po\u00e7os de Caldas, no Sul de Minas Gerais, gerou indigna\u00e7\u00e3o entre a popula\u00e7\u00e3o na \u00faltima semana. As imagens mostram um cavalo que puxava uma charrete e que caiu no meio de um morro por exaust\u00e3o. Para os protetores dos animais, apesar dos passeios de [&hellip;]<\/p>\n","protected":false},"author":1,"featured_media":36475,"comment_status":"open","ping_status":"closed","sticky":false,"template":"","format":"standard","meta":{"amp_status":"","footnotes":""},"categories":[123],"tags":[13050,215],"class_list":["post-36474","post","type-post","status-publish","format-standard","has-post-thumbnail","hentry","category-gerais","tag-cavalo-utilizado-em-passeios-turisticos-desmaia-de-exaustao-em-pocos-de-caldas","tag-pocos-de-caldas"],"yoast_head":"<!-- This site is optimized with the Yoast SEO plugin v28.3 - https:\/\/yoast.com\/product\/yoast-seo-wordpress\/ -->\n<title>Cavalo utilizado em passeios tur\u00edsticos desmaia de exaust\u00e3o em Po\u00e7os de Caldas - Aconteceu no Vale<\/title>\n<meta name=\"robots\" content=\"index, follow, max-snippet:-1, max-image-preview:large, max-video-preview:-1\" \/>\n<link rel=\"canonical\" href=\"https:\/\/aconteceunovale.com.br\/portal\/?p=36474\" \/>\n<meta property=\"og:locale\" content=\"pt_BR\" \/>\n<meta property=\"og:type\" content=\"article\" \/>\n<meta property=\"og:title\" content=\"Cavalo utilizado em passeios tur\u00edsticos desmaia de exaust\u00e3o em Po\u00e7os de Caldas - Aconteceu no Vale\" \/>\n<meta property=\"og:description\" content=\"Um v\u00eddeo compartilhado nas redes sociais por protetores dos animais de Po\u00e7os de Caldas, no Sul de Minas Gerais, gerou indigna\u00e7\u00e3o entre a popula\u00e7\u00e3o na \u00faltima semana. As imagens mostram um cavalo que puxava uma charrete e que caiu no meio de um morro por exaust\u00e3o. Para os protetores dos animais, apesar dos passeios de [&hellip;]\" \/>\n<meta property=\"og:url\" content=\"https:\/\/aconteceunovale.com.br\/portal\/?p=36474\" \/>\n<meta property=\"og:site_name\" content=\"Aconteceu no Vale\" \/>\n<meta property=\"article:publisher\" content=\"https:\/\/www.facebook.com\/aconteceunovale\/\" \/>\n<meta property=\"article:published_time\" content=\"2014-08-04T14:17:56+00:00\" \/>\n<meta property=\"og:image\" content=\"https:\/\/aconteceunovale.com.br\/portal\/wp-content\/uploads\/2014\/08\/cavalo_exausto_pocos_caldas.png\" \/>\n\t<meta property=\"og:image:width\" content=\"300\" \/>\n\t<meta property=\"og:image:height\" content=\"208\" \/>\n\t<meta property=\"og:image:type\" content=\"image\/png\" \/>\n<meta name=\"author\" content=\"Aconteceu no Vale\" \/>\n<meta name=\"twitter:card\" content=\"summary_large_image\" \/>\n<meta name=\"twitter:creator\" content=\"@noticiadosvales\" \/>\n<meta name=\"twitter:site\" content=\"@noticiadosvales\" \/>\n<meta name=\"twitter:label1\" content=\"Escrito por\" \/>\n\t<meta name=\"twitter:data1\" content=\"Aconteceu no Vale\" \/>\n\t<meta name=\"twitter:label2\" content=\"Est. tempo de leitura\" \/>\n\t<meta name=\"twitter:data2\" content=\"1 minuto\" \/>\n<script type=\"application\/ld+json\" class=\"yoast-schema-graph\">{\"@context\":\"https:\\\/\\\/schema.org\",\"@graph\":[{\"@type\":\"Article\",\"@id\":\"https:\\\/\\\/aconteceunovale.com.br\\\/portal\\\/?p=36474#article\",\"isPartOf\":{\"@id\":\"https:\\\/\\\/aconteceunovale.com.br\\\/portal\\\/?p=36474\"},\"author\":{\"name\":\"Aconteceu no Vale\",\"@id\":\"https:\\\/\\\/aconteceunovale.com.br\\\/portal\\\/#\\\/schema\\\/person\\\/633529146f2c94272bef50ac2953d589\"},\"headline\":\"Cavalo utilizado em passeios tur\u00edsticos desmaia de exaust\u00e3o em Po\u00e7os de Caldas\",\"datePublished\":\"2014-08-04T14:17:56+00:00\",\"mainEntityOfPage\":{\"@id\":\"https:\\\/\\\/aconteceunovale.com.br\\\/portal\\\/?p=36474\"},\"wordCount\":217,\"commentCount\":0,\"image\":{\"@id\":\"https:\\\/\\\/aconteceunovale.com.br\\\/portal\\\/?p=36474#primaryimage\"},\"thumbnailUrl\":\"https:\\\/\\\/aconteceunovale.com.br\\\/portal\\\/wp-content\\\/uploads\\\/2014\\\/08\\\/cavalo_exausto_pocos_caldas.png\",\"keywords\":[\"Cavalo utilizado em passeios tur\u00edsticos desmaia de exaust\u00e3o em Po\u00e7os de Caldas\",\"Po\u00e7os de Caldas\"],\"articleSection\":[\"Minas Gerais\"],\"inLanguage\":\"pt-BR\",\"potentialAction\":[{\"@type\":\"CommentAction\",\"name\":\"Comment\",\"target\":[\"https:\\\/\\\/aconteceunovale.com.br\\\/portal\\\/?p=36474#respond\"]}]},{\"@type\":\"WebPage\",\"@id\":\"https:\\\/\\\/aconteceunovale.com.br\\\/portal\\\/?p=36474\",\"url\":\"https:\\\/\\\/aconteceunovale.com.br\\\/portal\\\/?p=36474\",\"name\":\"Cavalo utilizado em passeios tur\u00edsticos desmaia de exaust\u00e3o em Po\u00e7os de Caldas - Aconteceu no Vale\",\"isPartOf\":{\"@id\":\"https:\\\/\\\/aconteceunovale.com.br\\\/portal\\\/#website\"},\"primaryImageOfPage\":{\"@id\":\"https:\\\/\\\/aconteceunovale.com.br\\\/portal\\\/?p=36474#primaryimage\"},\"image\":{\"@id\":\"https:\\\/\\\/aconteceunovale.com.br\\\/portal\\\/?p=36474#primaryimage\"},\"thumbnailUrl\":\"https:\\\/\\\/aconteceunovale.com.br\\\/portal\\\/wp-content\\\/uploads\\\/2014\\\/08\\\/cavalo_exausto_pocos_caldas.png\",\"datePublished\":\"2014-08-04T14:17:56+00:00\",\"author\":{\"@id\":\"https:\\\/\\\/aconteceunovale.com.br\\\/portal\\\/#\\\/schema\\\/person\\\/633529146f2c94272bef50ac2953d589\"},\"breadcrumb\":{\"@id\":\"https:\\\/\\\/aconteceunovale.com.br\\\/portal\\\/?p=36474#breadcrumb\"},\"inLanguage\":\"pt-BR\",\"potentialAction\":[{\"@type\":\"ReadAction\",\"target\":[\"https:\\\/\\\/aconteceunovale.com.br\\\/portal\\\/?p=36474\"]}]},{\"@type\":\"ImageObject\",\"inLanguage\":\"pt-BR\",\"@id\":\"https:\\\/\\\/aconteceunovale.com.br\\\/portal\\\/?p=36474#primaryimage\",\"url\":\"https:\\\/\\\/aconteceunovale.com.br\\\/portal\\\/wp-content\\\/uploads\\\/2014\\\/08\\\/cavalo_exausto_pocos_caldas.png\",\"contentUrl\":\"https:\\\/\\\/aconteceunovale.com.br\\\/portal\\\/wp-content\\\/uploads\\\/2014\\\/08\\\/cavalo_exausto_pocos_caldas.png\",\"width\":300,\"height\":208},{\"@type\":\"BreadcrumbList\",\"@id\":\"https:\\\/\\\/aconteceunovale.com.br\\\/portal\\\/?p=36474#breadcrumb\",\"itemListElement\":[{\"@type\":\"ListItem\",\"position\":1,\"name\":\"In\u00edcio\",\"item\":\"https:\\\/\\\/aconteceunovale.com.br\\\/portal\\\/\"},{\"@type\":\"ListItem\",\"position\":2,\"name\":\"Cavalo utilizado em passeios tur\u00edsticos desmaia de exaust\u00e3o em Po\u00e7os de Caldas\"}]},{\"@type\":\"WebSite\",\"@id\":\"https:\\\/\\\/aconteceunovale.com.br\\\/portal\\\/#website\",\"url\":\"https:\\\/\\\/aconteceunovale.com.br\\\/portal\\\/\",\"name\":\"Aconteceu no Vale\",\"description\":\"Portal de Not\u00edcias\",\"potentialAction\":[{\"@type\":\"SearchAction\",\"target\":{\"@type\":\"EntryPoint\",\"urlTemplate\":\"https:\\\/\\\/aconteceunovale.com.br\\\/portal\\\/?s={search_term_string}\"},\"query-input\":{\"@type\":\"PropertyValueSpecification\",\"valueRequired\":true,\"valueName\":\"search_term_string\"}}],\"inLanguage\":\"pt-BR\"},{\"@type\":\"Person\",\"@id\":\"https:\\\/\\\/aconteceunovale.com.br\\\/portal\\\/#\\\/schema\\\/person\\\/633529146f2c94272bef50ac2953d589\",\"name\":\"Aconteceu no Vale\",\"description\":\"Equipe de reportagem do Aconteceu no Vale, portal de not\u00edcias do Vale do Jequitinhonha, em Minas Gerais. Cobrimos as 51 cidades do Vale desde 2013. Sugest\u00f5es de pauta e pedidos de corre\u00e7\u00e3o: contato@aconteceunovale.com.br\",\"sameAs\":[\"http:\\\/\\\/www.aconteceunovale.com.br\"],\"url\":\"https:\\\/\\\/aconteceunovale.com.br\\\/portal\\\/?author=1\"}]}<\/script>\n<!-- \/ Yoast SEO plugin. -->","yoast_head_json":{"title":"Cavalo utilizado em passeios tur\u00edsticos desmaia de exaust\u00e3o em Po\u00e7os de Caldas - Aconteceu no Vale","robots":{"index":"index","follow":"follow","max-snippet":"max-snippet:-1","max-image-preview":"max-image-preview:large","max-video-preview":"max-video-preview:-1"},"canonical":"https:\/\/aconteceunovale.com.br\/portal\/?p=36474","og_locale":"pt_BR","og_type":"article","og_title":"Cavalo utilizado em passeios tur\u00edsticos desmaia de exaust\u00e3o em Po\u00e7os de Caldas - Aconteceu no Vale","og_description":"Um v\u00eddeo compartilhado nas redes sociais por protetores dos animais de Po\u00e7os de Caldas, no Sul de Minas Gerais, gerou indigna\u00e7\u00e3o entre a popula\u00e7\u00e3o na \u00faltima semana. As imagens mostram um cavalo que puxava uma charrete e que caiu no meio de um morro por exaust\u00e3o. Para os protetores dos animais, apesar dos passeios de [&hellip;]","og_url":"https:\/\/aconteceunovale.com.br\/portal\/?p=36474","og_site_name":"Aconteceu no Vale","article_publisher":"https:\/\/www.facebook.com\/aconteceunovale\/","article_published_time":"2014-08-04T14:17:56+00:00","og_image":[{"width":300,"height":208,"url":"https:\/\/aconteceunovale.com.br\/portal\/wp-content\/uploads\/2014\/08\/cavalo_exausto_pocos_caldas.png","type":"image\/png"}],"author":"Aconteceu no Vale","twitter_card":"summary_large_image","twitter_creator":"@noticiadosvales","twitter_site":"@noticiadosvales","twitter_misc":{"Escrito por":"Aconteceu no Vale","Est. tempo de leitura":"1 minuto"},"schema":{"@context":"https:\/\/schema.org","@graph":[{"@type":"Article","@id":"https:\/\/aconteceunovale.com.br\/portal\/?p=36474#article","isPartOf":{"@id":"https:\/\/aconteceunovale.com.br\/portal\/?p=36474"},"author":{"name":"Aconteceu no Vale","@id":"https:\/\/aconteceunovale.com.br\/portal\/#\/schema\/person\/633529146f2c94272bef50ac2953d589"},"headline":"Cavalo utilizado em passeios tur\u00edsticos desmaia de exaust\u00e3o em Po\u00e7os de Caldas","datePublished":"2014-08-04T14:17:56+00:00","mainEntityOfPage":{"@id":"https:\/\/aconteceunovale.com.br\/portal\/?p=36474"},"wordCount":217,"commentCount":0,"image":{"@id":"https:\/\/aconteceunovale.com.br\/portal\/?p=36474#primaryimage"},"thumbnailUrl":"https:\/\/aconteceunovale.com.br\/portal\/wp-content\/uploads\/2014\/08\/cavalo_exausto_pocos_caldas.png","keywords":["Cavalo utilizado em passeios tur\u00edsticos desmaia de exaust\u00e3o em Po\u00e7os de Caldas","Po\u00e7os de Caldas"],"articleSection":["Minas Gerais"],"inLanguage":"pt-BR","potentialAction":[{"@type":"CommentAction","name":"Comment","target":["https:\/\/aconteceunovale.com.br\/portal\/?p=36474#respond"]}]},{"@type":"WebPage","@id":"https:\/\/aconteceunovale.com.br\/portal\/?p=36474","url":"https:\/\/aconteceunovale.com.br\/portal\/?p=36474","name":"Cavalo utilizado em passeios tur\u00edsticos desmaia de exaust\u00e3o em Po\u00e7os de Caldas - Aconteceu no Vale","isPartOf":{"@id":"https:\/\/aconteceunovale.com.br\/portal\/#website"},"primaryImageOfPage":{"@id":"https:\/\/aconteceunovale.com.br\/portal\/?p=36474#primaryimage"},"image":{"@id":"https:\/\/aconteceunovale.com.br\/portal\/?p=36474#primaryimage"},"thumbnailUrl":"https:\/\/aconteceunovale.com.br\/portal\/wp-content\/uploads\/2014\/08\/cavalo_exausto_pocos_caldas.png","datePublished":"2014-08-04T14:17:56+00:00","author":{"@id":"https:\/\/aconteceunovale.com.br\/portal\/#\/schema\/person\/633529146f2c94272bef50ac2953d589"},"breadcrumb":{"@id":"https:\/\/aconteceunovale.com.br\/portal\/?p=36474#breadcrumb"},"inLanguage":"pt-BR","potentialAction":[{"@type":"ReadAction","target":["https:\/\/aconteceunovale.com.br\/portal\/?p=36474"]}]},{"@type":"ImageObject","inLanguage":"pt-BR","@id":"https:\/\/aconteceunovale.com.br\/portal\/?p=36474#primaryimage","url":"https:\/\/aconteceunovale.com.br\/portal\/wp-content\/uploads\/2014\/08\/cavalo_exausto_pocos_caldas.png","contentUrl":"https:\/\/aconteceunovale.com.br\/portal\/wp-content\/uploads\/2014\/08\/cavalo_exausto_pocos_caldas.png","width":300,"height":208},{"@type":"BreadcrumbList","@id":"https:\/\/aconteceunovale.com.br\/portal\/?p=36474#breadcrumb","itemListElement":[{"@type":"ListItem","position":1,"name":"In\u00edcio","item":"https:\/\/aconteceunovale.com.br\/portal\/"},{"@type":"ListItem","position":2,"name":"Cavalo utilizado em passeios tur\u00edsticos desmaia de exaust\u00e3o em Po\u00e7os de Caldas"}]},{"@type":"WebSite","@id":"https:\/\/aconteceunovale.com.br\/portal\/#website","url":"https:\/\/aconteceunovale.com.br\/portal\/","name":"Aconteceu no Vale","description":"Portal de Not\u00edcias","potentialAction":[{"@type":"SearchAction","target":{"@type":"EntryPoint","urlTemplate":"https:\/\/aconteceunovale.com.br\/portal\/?s={search_term_string}"},"query-input":{"@type":"PropertyValueSpecification","valueRequired":true,"valueName":"search_term_string"}}],"inLanguage":"pt-BR"},{"@type":"Person","@id":"https:\/\/aconteceunovale.com.br\/portal\/#\/schema\/person\/633529146f2c94272bef50ac2953d589","name":"Aconteceu no Vale","description":"Equipe de reportagem do Aconteceu no Vale, portal de not\u00edcias do Vale do Jequitinhonha, em Minas Gerais. Cobrimos as 51 cidades do Vale desde 2013. Sugest\u00f5es de pauta e pedidos de corre\u00e7\u00e3o: contato@aconteceunovale.com.br","sameAs":["http:\/\/www.aconteceunovale.com.br"],"url":"https:\/\/aconteceunovale.com.br\/portal\/?author=1"}]}},"_links":{"self":[{"href":"https:\/\/aconteceunovale.com.br\/portal\/index.php?rest_route=\/wp\/v2\/posts\/36474","targetHints":{"allow":["GET"]}}],"collection":[{"href":"https:\/\/aconteceunovale.com.br\/portal\/index.php?rest_route=\/wp\/v2\/posts"}],"about":[{"href":"https:\/\/aconteceunovale.com.br\/portal\/index.php?rest_route=\/wp\/v2\/types\/post"}],"author":[{"embeddable":true,"href":"https:\/\/aconteceunovale.com.br\/portal\/index.php?rest_route=\/wp\/v2\/users\/1"}],"replies":[{"embeddable":true,"href":"https:\/\/aconteceunovale.com.br\/portal\/index.php?rest_route=%2Fwp%2Fv2%2Fcomments&post=36474"}],"version-history":[{"count":0,"href":"https:\/\/aconteceunovale.com.br\/portal\/index.php?rest_route=\/wp\/v2\/posts\/36474\/revisions"}],"wp:featuredmedia":[{"embeddable":true,"href":"https:\/\/aconteceunovale.com.br\/portal\/index.php?rest_route=\/wp\/v2\/media\/36475"}],"wp:attachment":[{"href":"https:\/\/aconteceunovale.com.br\/portal\/index.php?rest_route=%2Fwp%2Fv2%2Fmedia&parent=36474"}],"wp:term":[{"taxonomy":"category","embeddable":true,"href":"https:\/\/aconteceunovale.com.br\/portal\/index.php?rest_route=%2Fwp%2Fv2%2Fcategories&post=36474"},{"taxonomy":"post_tag","embeddable":true,"href":"https:\/\/aconteceunovale.com.br\/portal\/index.php?rest_route=%2Fwp%2Fv2%2Ftags&post=36474"}],"curies":[{"name":"wp","href":"https:\/\/api.w.org\/{rel}","templated":true}]}}