{"id":36462,"date":"2014-08-03T19:14:36","date_gmt":"2014-08-03T22:14:36","guid":{"rendered":"http:\/\/aconteceunovale.com.br\/portal\/?p=36462"},"modified":"2026-09-02T13:13:22","modified_gmt":"2026-09-02T16:13:22","slug":"acidente-entre-moto-e-cavalo-deixa-dois-adolescentes-de-15-anos-feridos-na-br-116-em-itaobim","status":"publish","type":"post","link":"https:\/\/aconteceunovale.com.br\/portal\/?p=36462","title":{"rendered":"Acidente entre moto e cavalo deixa dois adolescentes de 15 anos feridos na BR-116, em Itaobim"},"content":{"rendered":"<p><strong><\/p>\n<h4><em>Acidente aconteceu na noite deste s\u00e1bado (2), em Itaobim, no Vale do Jequitinhonha. Jovem de 15 anos, segundo PRF, n\u00e3o poderia estar pilotando por ser menor.<\/em><\/h4>\n<p><\/strong><\/p>\n<p>Um acidente envolvendo um animal e uma motocicleta deixou dois adolescentes de 15 anos feridos na noite desse s\u00e1bado, 2 de julho, na altura do quil\u00f4metro 113 da BR-116, em Itaobim, no Vale do Jequitinhonha.<\/p>\n<p>De acordo com a Pol\u00edcia Rodovi\u00e1ria Federal, a v\u00edtima, que n\u00e3o poderia estar conduzindo a motocicleta por ser menor de idade, transitava pela rodovia quando foi surpreendido por um cavalo. Ele levava a namorada, que tamb\u00e9m tem 15 anos, na garupa da moto.<\/p>\n<p>As v\u00edtimas foram socorridas e encaminhadas para atendimento m\u00e9dico. O estado de sa\u00fade dos dois n\u00e3o foi divulgado. A Pol\u00edcia realiza rastreamentos com intuito de localizar a moto que foi retirada do local do acidente antes da chegada dos agentes da PRF.<\/p>\n","protected":false},"excerpt":{"rendered":"<p>Acidente aconteceu na noite deste s\u00e1bado (2), em Itaobim, no Vale do Jequitinhonha. Jovem de 15 anos, segundo PRF, n\u00e3o poderia estar pilotando por ser menor. Um acidente envolvendo um animal e uma motocicleta deixou dois adolescentes de 15 anos feridos na noite desse s\u00e1bado, 2 de julho, na altura do quil\u00f4metro 113 da BR-116, [&hellip;]<\/p>\n","protected":false},"author":1,"featured_media":32385,"comment_status":"open","ping_status":"closed","sticky":false,"template":"","format":"standard","meta":{"amp_status":"","footnotes":""},"categories":[272550,120],"tags":[13042,13041,391],"class_list":["post-36462","post","type-post","status-publish","format-standard","has-post-thumbnail","hentry","category-itaobim","category-jequi","tag-acidente-entre-moto-e-cavalo-deixa-dois-adolescentes-de-15-anos-feridos-em-itaobim","tag-acidente-entre-moto-e-cavalo-deixa-dois-adolescentes-de-15-anos-feridos-na-br-116-em-itaobim","tag-itaobim"],"yoast_head":"<!-- This site is optimized with the Yoast SEO plugin v28.3 - https:\/\/yoast.com\/product\/yoast-seo-wordpress\/ -->\n<title>Acidente entre moto e cavalo deixa dois adolescentes de 15 anos feridos na BR-116, em Itaobim - Aconteceu no Vale<\/title>\n<meta name=\"robots\" content=\"index, follow, max-snippet:-1, max-image-preview:large, max-video-preview:-1\" \/>\n<link rel=\"canonical\" href=\"https:\/\/aconteceunovale.com.br\/portal\/?p=36462\" \/>\n<meta property=\"og:locale\" content=\"pt_BR\" \/>\n<meta property=\"og:type\" content=\"article\" \/>\n<meta property=\"og:title\" content=\"Acidente entre moto e cavalo deixa dois adolescentes de 15 anos feridos na BR-116, em Itaobim - Aconteceu no Vale\" \/>\n<meta property=\"og:description\" content=\"Acidente aconteceu na noite deste s\u00e1bado (2), em Itaobim, no Vale do Jequitinhonha. Jovem de 15 anos, segundo PRF, n\u00e3o poderia estar pilotando por ser menor. Um acidente envolvendo um animal e uma motocicleta deixou dois adolescentes de 15 anos feridos na noite desse s\u00e1bado, 2 de julho, na altura do quil\u00f4metro 113 da BR-116, [&hellip;]\" \/>\n<meta property=\"og:url\" content=\"https:\/\/aconteceunovale.com.br\/portal\/?p=36462\" \/>\n<meta property=\"og:site_name\" content=\"Aconteceu no Vale\" \/>\n<meta property=\"article:publisher\" content=\"https:\/\/www.facebook.com\/aconteceunovale\/\" \/>\n<meta property=\"article:published_time\" content=\"2014-08-03T22:14:36+00:00\" \/>\n<meta property=\"article:modified_time\" content=\"2026-09-02T16:13:22+00:00\" \/>\n<meta property=\"og:image\" content=\"https:\/\/aconteceunovale.com.br\/portal\/wp-content\/uploads\/2014\/06\/cavalo_atropelado_moto_nm.jpg\" \/>\n\t<meta property=\"og:image:width\" content=\"400\" \/>\n\t<meta property=\"og:image:height\" content=\"277\" \/>\n\t<meta property=\"og:image:type\" content=\"image\/jpeg\" \/>\n<meta name=\"author\" content=\"Aconteceu no Vale\" \/>\n<meta name=\"twitter:card\" content=\"summary_large_image\" \/>\n<meta name=\"twitter:creator\" content=\"@noticiadosvales\" \/>\n<meta name=\"twitter:site\" content=\"@noticiadosvales\" \/>\n<meta name=\"twitter:label1\" content=\"Escrito por\" \/>\n\t<meta name=\"twitter:data1\" content=\"Aconteceu no Vale\" \/>\n\t<meta name=\"twitter:label2\" content=\"Est. tempo de leitura\" \/>\n\t<meta name=\"twitter:data2\" content=\"1 minuto\" \/>\n<script type=\"application\/ld+json\" class=\"yoast-schema-graph\">{\"@context\":\"https:\\\/\\\/schema.org\",\"@graph\":[{\"@type\":\"Article\",\"@id\":\"https:\\\/\\\/aconteceunovale.com.br\\\/portal\\\/?p=36462#article\",\"isPartOf\":{\"@id\":\"https:\\\/\\\/aconteceunovale.com.br\\\/portal\\\/?p=36462\"},\"author\":{\"name\":\"Aconteceu no Vale\",\"@id\":\"https:\\\/\\\/aconteceunovale.com.br\\\/portal\\\/#\\\/schema\\\/person\\\/633529146f2c94272bef50ac2953d589\"},\"headline\":\"Acidente entre moto e cavalo deixa dois adolescentes de 15 anos feridos na BR-116, em Itaobim\",\"datePublished\":\"2014-08-03T22:14:36+00:00\",\"dateModified\":\"2026-09-02T16:13:22+00:00\",\"mainEntityOfPage\":{\"@id\":\"https:\\\/\\\/aconteceunovale.com.br\\\/portal\\\/?p=36462\"},\"wordCount\":169,\"commentCount\":0,\"image\":{\"@id\":\"https:\\\/\\\/aconteceunovale.com.br\\\/portal\\\/?p=36462#primaryimage\"},\"thumbnailUrl\":\"https:\\\/\\\/aconteceunovale.com.br\\\/portal\\\/wp-content\\\/uploads\\\/2014\\\/06\\\/cavalo_atropelado_moto_nm.jpg\",\"keywords\":[\"Acidente entre moto e cavalo deixa dois adolescentes de 15 anos feridos em Itaobim\",\"Acidente entre moto e cavalo deixa dois adolescentes de 15 anos feridos na BR-116 em Itaobim\",\"Itaobim\"],\"articleSection\":[\"Itaobim\",\"Vale do Jequitinhonha\"],\"inLanguage\":\"pt-BR\",\"potentialAction\":[{\"@type\":\"CommentAction\",\"name\":\"Comment\",\"target\":[\"https:\\\/\\\/aconteceunovale.com.br\\\/portal\\\/?p=36462#respond\"]}]},{\"@type\":\"WebPage\",\"@id\":\"https:\\\/\\\/aconteceunovale.com.br\\\/portal\\\/?p=36462\",\"url\":\"https:\\\/\\\/aconteceunovale.com.br\\\/portal\\\/?p=36462\",\"name\":\"Acidente entre moto e cavalo deixa dois adolescentes de 15 anos feridos na BR-116, em Itaobim - Aconteceu no Vale\",\"isPartOf\":{\"@id\":\"https:\\\/\\\/aconteceunovale.com.br\\\/portal\\\/#website\"},\"primaryImageOfPage\":{\"@id\":\"https:\\\/\\\/aconteceunovale.com.br\\\/portal\\\/?p=36462#primaryimage\"},\"image\":{\"@id\":\"https:\\\/\\\/aconteceunovale.com.br\\\/portal\\\/?p=36462#primaryimage\"},\"thumbnailUrl\":\"https:\\\/\\\/aconteceunovale.com.br\\\/portal\\\/wp-content\\\/uploads\\\/2014\\\/06\\\/cavalo_atropelado_moto_nm.jpg\",\"datePublished\":\"2014-08-03T22:14:36+00:00\",\"dateModified\":\"2026-09-02T16:13:22+00:00\",\"author\":{\"@id\":\"https:\\\/\\\/aconteceunovale.com.br\\\/portal\\\/#\\\/schema\\\/person\\\/633529146f2c94272bef50ac2953d589\"},\"breadcrumb\":{\"@id\":\"https:\\\/\\\/aconteceunovale.com.br\\\/portal\\\/?p=36462#breadcrumb\"},\"inLanguage\":\"pt-BR\",\"potentialAction\":[{\"@type\":\"ReadAction\",\"target\":[\"https:\\\/\\\/aconteceunovale.com.br\\\/portal\\\/?p=36462\"]}]},{\"@type\":\"ImageObject\",\"inLanguage\":\"pt-BR\",\"@id\":\"https:\\\/\\\/aconteceunovale.com.br\\\/portal\\\/?p=36462#primaryimage\",\"url\":\"https:\\\/\\\/aconteceunovale.com.br\\\/portal\\\/wp-content\\\/uploads\\\/2014\\\/06\\\/cavalo_atropelado_moto_nm.jpg\",\"contentUrl\":\"https:\\\/\\\/aconteceunovale.com.br\\\/portal\\\/wp-content\\\/uploads\\\/2014\\\/06\\\/cavalo_atropelado_moto_nm.jpg\",\"width\":400,\"height\":277},{\"@type\":\"BreadcrumbList\",\"@id\":\"https:\\\/\\\/aconteceunovale.com.br\\\/portal\\\/?p=36462#breadcrumb\",\"itemListElement\":[{\"@type\":\"ListItem\",\"position\":1,\"name\":\"In\u00edcio\",\"item\":\"https:\\\/\\\/aconteceunovale.com.br\\\/portal\\\/\"},{\"@type\":\"ListItem\",\"position\":2,\"name\":\"Acidente entre moto e cavalo deixa dois adolescentes de 15 anos feridos na BR-116, em Itaobim\"}]},{\"@type\":\"WebSite\",\"@id\":\"https:\\\/\\\/aconteceunovale.com.br\\\/portal\\\/#website\",\"url\":\"https:\\\/\\\/aconteceunovale.com.br\\\/portal\\\/\",\"name\":\"Aconteceu no Vale\",\"description\":\"Portal de Not\u00edcias\",\"potentialAction\":[{\"@type\":\"SearchAction\",\"target\":{\"@type\":\"EntryPoint\",\"urlTemplate\":\"https:\\\/\\\/aconteceunovale.com.br\\\/portal\\\/?s={search_term_string}\"},\"query-input\":{\"@type\":\"PropertyValueSpecification\",\"valueRequired\":true,\"valueName\":\"search_term_string\"}}],\"inLanguage\":\"pt-BR\"},{\"@type\":\"Person\",\"@id\":\"https:\\\/\\\/aconteceunovale.com.br\\\/portal\\\/#\\\/schema\\\/person\\\/633529146f2c94272bef50ac2953d589\",\"name\":\"Aconteceu no Vale\",\"description\":\"Equipe de reportagem do Aconteceu no Vale, portal de not\u00edcias do Vale do Jequitinhonha, em Minas Gerais. Cobrimos as 51 cidades do Vale desde 2013. Sugest\u00f5es de pauta e pedidos de corre\u00e7\u00e3o: contato@aconteceunovale.com.br\",\"sameAs\":[\"http:\\\/\\\/www.aconteceunovale.com.br\"],\"url\":\"https:\\\/\\\/aconteceunovale.com.br\\\/portal\\\/?author=1\"}]}<\/script>\n<!-- \/ Yoast SEO plugin. -->","yoast_head_json":{"title":"Acidente entre moto e cavalo deixa dois adolescentes de 15 anos feridos na BR-116, em Itaobim - Aconteceu no Vale","robots":{"index":"index","follow":"follow","max-snippet":"max-snippet:-1","max-image-preview":"max-image-preview:large","max-video-preview":"max-video-preview:-1"},"canonical":"https:\/\/aconteceunovale.com.br\/portal\/?p=36462","og_locale":"pt_BR","og_type":"article","og_title":"Acidente entre moto e cavalo deixa dois adolescentes de 15 anos feridos na BR-116, em Itaobim - Aconteceu no Vale","og_description":"Acidente aconteceu na noite deste s\u00e1bado (2), em Itaobim, no Vale do Jequitinhonha. Jovem de 15 anos, segundo PRF, n\u00e3o poderia estar pilotando por ser menor. Um acidente envolvendo um animal e uma motocicleta deixou dois adolescentes de 15 anos feridos na noite desse s\u00e1bado, 2 de julho, na altura do quil\u00f4metro 113 da BR-116, [&hellip;]","og_url":"https:\/\/aconteceunovale.com.br\/portal\/?p=36462","og_site_name":"Aconteceu no Vale","article_publisher":"https:\/\/www.facebook.com\/aconteceunovale\/","article_published_time":"2014-08-03T22:14:36+00:00","article_modified_time":"2026-09-02T16:13:22+00:00","og_image":[{"width":400,"height":277,"url":"https:\/\/aconteceunovale.com.br\/portal\/wp-content\/uploads\/2014\/06\/cavalo_atropelado_moto_nm.jpg","type":"image\/jpeg"}],"author":"Aconteceu no Vale","twitter_card":"summary_large_image","twitter_creator":"@noticiadosvales","twitter_site":"@noticiadosvales","twitter_misc":{"Escrito por":"Aconteceu no Vale","Est. tempo de leitura":"1 minuto"},"schema":{"@context":"https:\/\/schema.org","@graph":[{"@type":"Article","@id":"https:\/\/aconteceunovale.com.br\/portal\/?p=36462#article","isPartOf":{"@id":"https:\/\/aconteceunovale.com.br\/portal\/?p=36462"},"author":{"name":"Aconteceu no Vale","@id":"https:\/\/aconteceunovale.com.br\/portal\/#\/schema\/person\/633529146f2c94272bef50ac2953d589"},"headline":"Acidente entre moto e cavalo deixa dois adolescentes de 15 anos feridos na BR-116, em Itaobim","datePublished":"2014-08-03T22:14:36+00:00","dateModified":"2026-09-02T16:13:22+00:00","mainEntityOfPage":{"@id":"https:\/\/aconteceunovale.com.br\/portal\/?p=36462"},"wordCount":169,"commentCount":0,"image":{"@id":"https:\/\/aconteceunovale.com.br\/portal\/?p=36462#primaryimage"},"thumbnailUrl":"https:\/\/aconteceunovale.com.br\/portal\/wp-content\/uploads\/2014\/06\/cavalo_atropelado_moto_nm.jpg","keywords":["Acidente entre moto e cavalo deixa dois adolescentes de 15 anos feridos em Itaobim","Acidente entre moto e cavalo deixa dois adolescentes de 15 anos feridos na BR-116 em Itaobim","Itaobim"],"articleSection":["Itaobim","Vale do Jequitinhonha"],"inLanguage":"pt-BR","potentialAction":[{"@type":"CommentAction","name":"Comment","target":["https:\/\/aconteceunovale.com.br\/portal\/?p=36462#respond"]}]},{"@type":"WebPage","@id":"https:\/\/aconteceunovale.com.br\/portal\/?p=36462","url":"https:\/\/aconteceunovale.com.br\/portal\/?p=36462","name":"Acidente entre moto e cavalo deixa dois adolescentes de 15 anos feridos na BR-116, em Itaobim - Aconteceu no Vale","isPartOf":{"@id":"https:\/\/aconteceunovale.com.br\/portal\/#website"},"primaryImageOfPage":{"@id":"https:\/\/aconteceunovale.com.br\/portal\/?p=36462#primaryimage"},"image":{"@id":"https:\/\/aconteceunovale.com.br\/portal\/?p=36462#primaryimage"},"thumbnailUrl":"https:\/\/aconteceunovale.com.br\/portal\/wp-content\/uploads\/2014\/06\/cavalo_atropelado_moto_nm.jpg","datePublished":"2014-08-03T22:14:36+00:00","dateModified":"2026-09-02T16:13:22+00:00","author":{"@id":"https:\/\/aconteceunovale.com.br\/portal\/#\/schema\/person\/633529146f2c94272bef50ac2953d589"},"breadcrumb":{"@id":"https:\/\/aconteceunovale.com.br\/portal\/?p=36462#breadcrumb"},"inLanguage":"pt-BR","potentialAction":[{"@type":"ReadAction","target":["https:\/\/aconteceunovale.com.br\/portal\/?p=36462"]}]},{"@type":"ImageObject","inLanguage":"pt-BR","@id":"https:\/\/aconteceunovale.com.br\/portal\/?p=36462#primaryimage","url":"https:\/\/aconteceunovale.com.br\/portal\/wp-content\/uploads\/2014\/06\/cavalo_atropelado_moto_nm.jpg","contentUrl":"https:\/\/aconteceunovale.com.br\/portal\/wp-content\/uploads\/2014\/06\/cavalo_atropelado_moto_nm.jpg","width":400,"height":277},{"@type":"BreadcrumbList","@id":"https:\/\/aconteceunovale.com.br\/portal\/?p=36462#breadcrumb","itemListElement":[{"@type":"ListItem","position":1,"name":"In\u00edcio","item":"https:\/\/aconteceunovale.com.br\/portal\/"},{"@type":"ListItem","position":2,"name":"Acidente entre moto e cavalo deixa dois adolescentes de 15 anos feridos na BR-116, em Itaobim"}]},{"@type":"WebSite","@id":"https:\/\/aconteceunovale.com.br\/portal\/#website","url":"https:\/\/aconteceunovale.com.br\/portal\/","name":"Aconteceu no Vale","description":"Portal de Not\u00edcias","potentialAction":[{"@type":"SearchAction","target":{"@type":"EntryPoint","urlTemplate":"https:\/\/aconteceunovale.com.br\/portal\/?s={search_term_string}"},"query-input":{"@type":"PropertyValueSpecification","valueRequired":true,"valueName":"search_term_string"}}],"inLanguage":"pt-BR"},{"@type":"Person","@id":"https:\/\/aconteceunovale.com.br\/portal\/#\/schema\/person\/633529146f2c94272bef50ac2953d589","name":"Aconteceu no Vale","description":"Equipe de reportagem do Aconteceu no Vale, portal de not\u00edcias do Vale do Jequitinhonha, em Minas Gerais. Cobrimos as 51 cidades do Vale desde 2013. Sugest\u00f5es de pauta e pedidos de corre\u00e7\u00e3o: contato@aconteceunovale.com.br","sameAs":["http:\/\/www.aconteceunovale.com.br"],"url":"https:\/\/aconteceunovale.com.br\/portal\/?author=1"}]}},"_links":{"self":[{"href":"https:\/\/aconteceunovale.com.br\/portal\/index.php?rest_route=\/wp\/v2\/posts\/36462","targetHints":{"allow":["GET"]}}],"collection":[{"href":"https:\/\/aconteceunovale.com.br\/portal\/index.php?rest_route=\/wp\/v2\/posts"}],"about":[{"href":"https:\/\/aconteceunovale.com.br\/portal\/index.php?rest_route=\/wp\/v2\/types\/post"}],"author":[{"embeddable":true,"href":"https:\/\/aconteceunovale.com.br\/portal\/index.php?rest_route=\/wp\/v2\/users\/1"}],"replies":[{"embeddable":true,"href":"https:\/\/aconteceunovale.com.br\/portal\/index.php?rest_route=%2Fwp%2Fv2%2Fcomments&post=36462"}],"version-history":[{"count":1,"href":"https:\/\/aconteceunovale.com.br\/portal\/index.php?rest_route=\/wp\/v2\/posts\/36462\/revisions"}],"predecessor-version":[{"id":201049,"href":"https:\/\/aconteceunovale.com.br\/portal\/index.php?rest_route=\/wp\/v2\/posts\/36462\/revisions\/201049"}],"wp:featuredmedia":[{"embeddable":true,"href":"https:\/\/aconteceunovale.com.br\/portal\/index.php?rest_route=\/wp\/v2\/media\/32385"}],"wp:attachment":[{"href":"https:\/\/aconteceunovale.com.br\/portal\/index.php?rest_route=%2Fwp%2Fv2%2Fmedia&parent=36462"}],"wp:term":[{"taxonomy":"category","embeddable":true,"href":"https:\/\/aconteceunovale.com.br\/portal\/index.php?rest_route=%2Fwp%2Fv2%2Fcategories&post=36462"},{"taxonomy":"post_tag","embeddable":true,"href":"https:\/\/aconteceunovale.com.br\/portal\/index.php?rest_route=%2Fwp%2Fv2%2Ftags&post=36462"}],"curies":[{"name":"wp","href":"https:\/\/api.w.org\/{rel}","templated":true}]}}