{"id":36243,"date":"2014-07-30T22:12:04","date_gmt":"2014-07-31T01:12:04","guid":{"rendered":"http:\/\/aconteceunovale.com.br\/portal\/?p=36243"},"modified":"2014-07-30T22:12:04","modified_gmt":"2014-07-31T01:12:04","slug":"na-disputa-ao-governo-de-minas-pimentel-tem-25-e-pimenta-21-aponta-ibope","status":"publish","type":"post","link":"https:\/\/aconteceunovale.com.br\/portal\/?p=36243","title":{"rendered":"Na disputa ao Governo de Minas, Pimentel tem 25% e Pimenta, 21%, aponta Ibope"},"content":{"rendered":"<h4><em><strong>Instituto entrevistou 1.512 eleitores entre os dias 26 e 28 de julho. A margem de erro \u00e9 de tr\u00eas pontos percentuais para mais ou para menos.<\/strong><\/em><\/h4>\n<p>Pesquisa Ibope divulgada nesta quarta-feira (30) aponta empate t\u00e9cnico na corrida para a elei\u00e7\u00e3o ao governo de Minas Gerais neste ano entre os candidatos Fernando Pimentel (PT), que tem 25% das inten\u00e7\u00f5es de voto, e Pimenta da Veiga (PSDB), que tem 21%. A pesquisa foi encomendada pela TV Globo.<\/p>\n<p>Tarc\u00edsio Delgado (PSB) aparece com 3% das inten\u00e7\u00f5es de voto. Andre Alves (PHS) e Eduardo Ferreira (PSDC) t\u00eam ambos 2%.<\/p>\n<p><img decoding=\"async\" src=\"http:\/\/aconteceunovale.com.br\/portal\/wp-content\/uploads\/2014\/07\/pesquisa_ibope_governo_minas_30_7.jpg\" alt=\"\" \/><em>(Pimentel tem 25% e Pimenta, 21%, aponta Ibope &#8211; Foto: Divulga\u00e7\u00e3o)<\/em><br \/>\n<\/br><\/p>\n<p>Veja os n\u00fameros do Ibope para a pesquisa estimulada:<br \/>\n&#8211; Fernando Pimentel (PT) \u2013 25%<br \/>\n&#8211; Pimenta da Veiga (PSDB) \u2013 21%<br \/>\n&#8211; Tarc\u00edsio Delgado (PSB) \u2013 3%<br \/>\n&#8211; Andre Alves (PHS) \u2013 2%<br \/>\n&#8211; Eduardo Ferreira (PSDC) \u2013 2%<br \/>\n&#8211; Cleide Don\u00e1ria (PCO) \u2013 1%<br \/>\n&#8211; Fid\u00e9lis (PSOL) \u2013 1%<br \/>\n&#8211; Professor T\u00falio Lopes (PCB) \u2013 1%<br \/>\n&#8211; Brancos e nulos: 13%<br \/>\n&#8211; N\u00e3o sabe: 31%<\/p>\n<p>A pesquisa foi realizada entre os dias 26 e 28 de julho. Foram entrevistados 1.512 eleitores. A margem de erro \u00e9 de tr\u00eas pontos percentuais, para mais ou para menos. O n\u00edvel de confian\u00e7a \u00e9 de 95%. O que quer dizer que, se levarmos em conta a margem de erro de tr\u00eas pontos percentuais para mais ou para menos, a probabilidade do resultado retratar a realidade \u00e9 de 95%.<\/p>\n<p>A pesquisa est\u00e1 registrada no Tribunal Regional Eleitoral de Minas Gerais (TRE-MG) sob o n\u00famero 00058\/2014.<\/p>\n<h4>Rejei\u00e7\u00e3o aos candidatos<\/h4>\n<p>Na pesquisa, tamb\u00e9m foi feita a seguinte pergunta aos eleitores: &#8220;Dentre estes candidatos a Governador de Minas Gerais, em qual o (a) sr(a) n\u00e3o votaria de jeito nenhum?&#8221;. Fernando Pimentel aparece com 12%, Pimenta da Veiga com 10%, Cleide Don\u00e1ria e Fid\u00e9lis com 9%, Andre Alves com 8%, Tarc\u00edsio Delgado com 7%, Eduardo Ferreira e Professor T\u00falio Lopes com 6%. Os que n\u00e3o rejeitam ningu\u00e9m somam 30%. E os que n\u00e3o sabem ou n\u00e3o responderam somam 34%.<\/p>\n<h3>Na disputa ao Senado<\/h3>\n<p>Pesquisa Ibope divulgada nesta quarta-feira (30) aponta que o ex-governador Antonio Anastasia (PSDB) tem 38% das inten\u00e7\u00f5es de voto para o Senado. Na sequ\u00eancia, o candidato Josu\u00e9 Gomes (PMDB) aparece com 7%. Os candidatos Edilson Nascimento  (PTdoB), Margarida Vieira (PSB), Tarc\u00edsio (PSDC) t\u00eam 2% cada. Alcan\u00e7aram 1% de inten\u00e7\u00e3o de voto Geraldo Batata (PSTU), Gra\u00e7a (PCO) e Pablo Lima (PCB). Os indecisos somam 31% e os que declaram que v\u00e3o votar branco ou nulo s\u00e3o 15%.<\/p>\n<p>Veja os n\u00fameros do Ibope:<br \/>\n&#8211; Antonio Anastasia (PSDB) &#8211; 38%<br \/>\n&#8211; Josu\u00e9 Gomes (PMDB) &#8211; 7%<br \/>\n&#8211; Edilson Nascimento (PTdoB) &#8211; 2%<br \/>\n&#8211; Margarida (PSB) &#8211; 2%<br \/>\n&#8211; Tarc\u00edsio (PSDC) &#8211; 2%<br \/>\n&#8211; Geraldo Batata (PSTU) &#8211; 1%<br \/>\n&#8211; Gra\u00e7a (PCO) &#8211; 1%<br \/>\n&#8211; Pablo Lima (PCB) &#8211; 1%<br \/>\n&#8211; Brancos e nulos &#8211; 15%<br \/>\n&#8211; N\u00e3o sabe &#8211; 31%<\/p>\n<p>A pesquisa foi realizada entre os dias 26 e 28 de julho. Foram entrevistados 1.512 eleitores. A margem de erro \u00e9 de tr\u00eas pontos percentuais, para mais ou para menos. O n\u00edvel de confian\u00e7a \u00e9 de 95%. O que quer dizer que, se levarmos em conta a margem de erro de tr\u00eas pontos  percentuais para mais ou para menos, a probabilidade do resultado retratar a realidade \u00e9 de 95%.<\/p>\n<p>A pesquisa est\u00e1 registrada no Tribunal Regional Eleitoral de Minas Gerais(TRE-MG) sob o n\u00famero 00058\/2014.<\/p>\n<p><strong>(Fonte: G1 Minas)<\/strong><\/p>\n","protected":false},"excerpt":{"rendered":"<p>Instituto entrevistou 1.512 eleitores entre os dias 26 e 28 de julho. A margem de erro \u00e9 de tr\u00eas pontos percentuais para mais ou para menos. Pesquisa Ibope divulgada nesta quarta-feira (30) aponta empate t\u00e9cnico na corrida para a elei\u00e7\u00e3o ao governo de Minas Gerais neste ano entre os candidatos Fernando Pimentel (PT), que tem [&hellip;]<\/p>\n","protected":false},"author":1,"featured_media":36244,"comment_status":"open","ping_status":"closed","sticky":false,"template":"","format":"standard","meta":{"amp_status":"","footnotes":""},"categories":[123],"tags":[12823,12824,1018,12825,12826,12827,12828,131,12820,12821,12822,6545,12829,12830],"class_list":["post-36243","post","type-post","status-publish","format-standard","has-post-thumbnail","hentry","category-gerais","tag-andre-alves","tag-cleide-donaria","tag-destaque","tag-eduardo-ferreira","tag-fernando-pimentel","tag-fidelis-alcantara","tag-ibope","tag-minas-gerais","tag-na-disputa-pelo-governo-de-minas-pimentel-tem-25-e-pimenta-21-aponta-ibope","tag-pesquisa-ibope-de-30-de-julho-para-o-governo-de-minas-gerais","tag-pesquisa-ibope-de-30-de-julho-para-o-senado-em-minas-gerais","tag-pimenta-da-veiga","tag-professor-tulio-lopes","tag-tarcisio-delgado"],"_links":{"self":[{"href":"https:\/\/aconteceunovale.com.br\/portal\/index.php?rest_route=\/wp\/v2\/posts\/36243","targetHints":{"allow":["GET"]}}],"collection":[{"href":"https:\/\/aconteceunovale.com.br\/portal\/index.php?rest_route=\/wp\/v2\/posts"}],"about":[{"href":"https:\/\/aconteceunovale.com.br\/portal\/index.php?rest_route=\/wp\/v2\/types\/post"}],"author":[{"embeddable":true,"href":"https:\/\/aconteceunovale.com.br\/portal\/index.php?rest_route=\/wp\/v2\/users\/1"}],"replies":[{"embeddable":true,"href":"https:\/\/aconteceunovale.com.br\/portal\/index.php?rest_route=%2Fwp%2Fv2%2Fcomments&post=36243"}],"version-history":[{"count":0,"href":"https:\/\/aconteceunovale.com.br\/portal\/index.php?rest_route=\/wp\/v2\/posts\/36243\/revisions"}],"wp:featuredmedia":[{"embeddable":true,"href":"https:\/\/aconteceunovale.com.br\/portal\/index.php?rest_route=\/wp\/v2\/media\/36244"}],"wp:attachment":[{"href":"https:\/\/aconteceunovale.com.br\/portal\/index.php?rest_route=%2Fwp%2Fv2%2Fmedia&parent=36243"}],"wp:term":[{"taxonomy":"category","embeddable":true,"href":"https:\/\/aconteceunovale.com.br\/portal\/index.php?rest_route=%2Fwp%2Fv2%2Fcategories&post=36243"},{"taxonomy":"post_tag","embeddable":true,"href":"https:\/\/aconteceunovale.com.br\/portal\/index.php?rest_route=%2Fwp%2Fv2%2Ftags&post=36243"}],"curies":[{"name":"wp","href":"https:\/\/api.w.org\/{rel}","templated":true}]}}