{"id":36215,"date":"2014-07-30T19:43:25","date_gmt":"2014-07-30T22:43:25","guid":{"rendered":"http:\/\/aconteceunovale.com.br\/portal\/?p=36215"},"modified":"2014-07-30T19:43:25","modified_gmt":"2014-07-30T22:43:25","slug":"garimpo-explorado-por-fernao-dias-no-vale-do-jequitinhonha-e-atracao-turistica","status":"publish","type":"post","link":"https:\/\/aconteceunovale.com.br\/portal\/?p=36215","title":{"rendered":"Garimpo explorado por Fern\u00e3o Dias no Vale do Jequitinhonha \u00e9 atra\u00e7\u00e3o tur\u00edstica"},"content":{"rendered":"<p>Fern\u00e3o Dias Pais e dezenas de homens de sua tropa, entre eles o genro, Manuel Borba Gato, desbravaram parte das terras que hoje formam o Vale do Jequitinhonha, uma das regi\u00f5es mais carentes do pa\u00eds, atr\u00e1s de uma serra resplandecente de esmeraldas, a Sabarabu\u00e7u, e de uma lagoa cheia do mesmo tesouro, a Vupabu\u00e7u. Corria os anos de 1680 e 1681. A bandeira se aventurou na \u00e1rea da Serra Fria, hoje cidade do Serro, e garimpou, sem sucesso, outras pedras preciosas em leitos da regi\u00e3o. Quase tr\u00eas s\u00e9culos e meio depois, o garimpo ainda \u00e9 o of\u00edcio principal de muitos cabras daquelas bandas.<\/p>\n<p>H\u00e1 grupos que procuraram pepitas no fundo de rios, como o Rio Jequitinhonha, sem se preocupar com o meio ambiente. Derramam produtos qu\u00edmicos no leito e tampam a vegeta\u00e7\u00e3o ciliar com areia retirada. Mas um garimpeiro, o qual acredita ser o \u00fanico no Brasil, ganha a vida de forma interessante. Belmiro Luiz Nascimento, de 51 anos, transformou o \u201cempreendimento\u201d da fam\u00edlia numa atividade tur\u00edstica. Apoiado por entidades como o Sebrae e o Instituto Estrada Real, ele mostra a grupos de visitantes como os garimpeiros retiravam diamantes da terra e do fundo d\u2019\u00e1gua na \u00e9poca dos desbravadores.<\/p>\n<p><img decoding=\"async\" src=\"http:\/\/aconteceunovale.com.br\/portal\/wp-content\/uploads\/2014\/07\/garimpo_de_fernao_dias_jequi_1.jpg\" alt=\"\" \/><em>Belmiro foi garimpeiro e hoje mostra a visitantes como eram retirados tesouros da terra, em Diamantina &#8211; Foto: Jair Amaral \/ Jornal Estado de Minas<\/em><br \/>\n<\/br><\/p>\n<p>O turismo herdado dos bandeirantes \u00e9 o tema da terceira reportagem da s\u00e9rie A origem das Minas Gerais, que o EM come\u00e7ou a publicar na segunda-feira em raz\u00e3o dos 340 anos da coluna liderada por Fern\u00e3o Dias. A expedi\u00e7\u00e3o deixou a Vila de Piratininga, em 1674, \u00e0 procura de esmeraldas. Adentrou no in\u00f3spito sert\u00e3o que hoje forma o estado de Minas Gerais e, durante a jornada de sete anos, fundou povoados e abriu picadas. Sem saber, Dias e seus homens come\u00e7avam a formar a Capitania de Minas Gerais.<\/p>\n<p>O Vale do Jequitinhonha, embora seja uma \u00e1rea carente, contribuiu para manter a regalia da coroa portuguesa na \u00e9poca do Brasil col\u00f4nia. De Diamantina e do Serro, sa\u00edram muitas pedras de diamantes. O garimpo da fam\u00edlia de Belmiro tem cerca de 200 anos. Fica \u00e0s margens do Ribeir\u00e3o do Guinda, na \u00e1rea rural de Diamantina. O local \u00e9 bem preservado e n\u00e3o h\u00e1 agress\u00e3o ao meio ambiente: tanto o leito do ribeir\u00e3o quanto a mata no entorno s\u00e3o preservados pelo homem, que cobra R$ 30 de cada visitante.<\/p>\n<p><strong>Assista o v\u00eddeo do garimpo em Diamantina que \u00e9 aberto ao p\u00fablico<\/strong><\/p>\n<p><iframe loading=\"lazy\" width=\"640\" height=\"360\" src=\"\/\/www.youtube.com\/embed\/u3iDXAQgO9U\" frameborder=\"0\" allowfullscreen><\/iframe><\/p>\n<p>\u201cMas \u00e9 claro que se vier um grupo maior ou crian\u00e7as pequenas, a gente conversa sobre o pre\u00e7o. O passeio dura, em m\u00e9dia, duas horas\u201d, conta Belmiro. Ele mostra aos clientes todas as etapas de extra\u00e7\u00e3o de diamantes e, no fim, reserva uma surpresa: um deles ter\u00e1 a chance de encontrar uma pequena pepita de diamante no meio do punhado de cascalho. \u201cN\u00e3o existe (com exce\u00e7\u00e3o desse) um garimpo artesanal que seja visitado\u201d, disse Luciana Teixeira Silva, analista do Sebrae na regi\u00e3o de Diamantina.<\/p>\n<p>O passeio no garimpo de Belmiro faz parte de um projeto de turismo na regi\u00e3o, ajudando a movimentar hot\u00e9is e restaurantes. A bandeira de Fern\u00e3o Dias n\u00e3o fundou o arraial do Tejuco, primeiro nome da atual Diamantina, mas percorreu a regi\u00e3o da Serra Fria, hoje Serro, de onde o munic\u00edpio que tamb\u00e9m forneceu diamantes para Portugal fora distrito. O turismo, hoje, \u00e9 um dos carros-chefes da economia local, a exemplo de localidades fundadas pela coluna do governador de esmeraldas.<\/p>\n<p><img decoding=\"async\" src=\"http:\/\/aconteceunovale.com.br\/portal\/wp-content\/uploads\/2014\/07\/garimpo_de_fernao_dias_jequi_2.jpg\" alt=\"\" \/><em>Igrejas, chafarizes e casar\u00f5es levaram Luiz, Simone e o filho Pedro, a conhecer Sabar\u00e1 &#8211; Foto: Jair Amaral \/ Jornal Estado de Minas<\/em><br \/>\n<\/br><\/p>\n<p>Em Sabar\u00e1, na Grande Belo Horizonte, comerciantes faturam com as fam\u00edlias que v\u00e3o \u00e0 cidade hist\u00f3rica conhecer igrejas antigas, ruas de cal\u00e7amento de pedras, becos, chafarizes e os casarios coloniais. O odont\u00f3logo Luiz Corsi levou a esposa, a fonaudi\u00f3loga Simone, e o filho, Pedro, para conhecer um pouco mais da hist\u00f3ria e da culin\u00e1ria do lugar. \u201cA costelinha de porco com ora-pro-nobis \u00e9 uma del\u00edcia\u201d, aprovou Simone. O marido endossou o gosto da mulher e ressaltou os cart\u00f5es-postais do munic\u00edpio: \u201cA igrejinha de Nossa Senhora do \u00d3 (erguida em 1717) \u00e9 um charme\u201d.<\/p>\n<h4><strong>Artesanato<\/strong><\/h4>\n<p>As miniaturas da capela, de estilo barroco e com influ\u00eancia chinesa na arquitetura e na decora\u00e7\u00e3o interna, est\u00e3o entre as campe\u00e3s de vendas nas lojas de artesanato. \u201cAs pe\u00e7as que mais saem s\u00e3o as miniaturas da Igrejinha do \u00d3 e do Chafariz do Kaquende. S\u00e3o da \u00e9poca dos bandeirantes\u201d, informou a artes\u00e3 M\u00e1rcia Regina Vieira. Ela tamb\u00e9m lucra com os ter\u00e7os que faz com sementes da planta conhecida por L\u00e1grimas de Nossa Senhora: \u201cCada um custa R$ 15\u201d.<\/p>\n<p><img decoding=\"async\" src=\"http:\/\/aconteceunovale.com.br\/portal\/wp-content\/uploads\/2014\/07\/garimpo_de_fernao_dias_jequi_3.jpg\" alt=\"\" \/><em>Lucas e Silvane abriram restaurante em Piedade de Paraopeba, lugarejo fundado pela bandeira &#8211; Foto: Jair Amaral \/ Jornal Estado de Minas<\/em><br \/>\n<\/br><\/p>\n<p>O livro de assinaturas dos visitantes que passam pela associa\u00e7\u00e3o de artes\u00e3os, onde M\u00e1rcia exibe seu trabalho, mostra que muitos paulistas visitaram a cidade nos \u00faltimos meses, a exemplo da fam\u00edlia do odont\u00f3logo Luiz Corsi. Ele, a esposa e o filho moram em Sorocaba, no interior de S\u00e3o Paulo, estado de onde a coluna de Fern\u00e3o Dias partiu para procurar esmeraldas em terras que hoje formam Minas Gerais. Depois de cruzar a regi\u00e3o que hoje \u00e9 o Sul de Minas, a bandeira chegou ao Rio das Velhas, onde fundou Ro\u00e7a Grande, ber\u00e7o de Sabar\u00e1.<\/p>\n<p>Uma imagem de Dias se destaca na entrada da cidade. O turismo tamb\u00e9m ajuda a movimentar a economia em Piedade do Paraopeba, o segundo lugarejo fundado pela bandeira \u2013 o primeiro foi Ibituruna, no Sul do estado \u2013 e que hoje \u00e9 distrito de Brumadinho, na Grande Belo Horizonte. O casal Lucas Nascimento, de 33, e Silvane Aguiar, de 37, se mudaram para l\u00e1 no in\u00edcio do ano e abriram o restaurante e choperia Jeito Mineiro. \u201cQuer\u00edamos \u2018fugir\u2019 de Belo Horizonte e viemos para c\u00e1. Estudamos as oportunidades de com\u00e9rcio e abrimos o empreendimento. Temos tr\u00eas colaboradores e, no terceiro m\u00eas em atividade, calculo que o movimento cresceu 40% em rela\u00e7\u00e3o ao primeiro\u201d, acredita Lucas.<\/p>\n<p><strong>(Fonte: Jornal Estado de Minas)<\/strong><\/p>\n","protected":false},"excerpt":{"rendered":"<p>Fern\u00e3o Dias Pais e dezenas de homens de sua tropa, entre eles o genro, Manuel Borba Gato, desbravaram parte das terras que hoje formam o Vale do Jequitinhonha, uma das regi\u00f5es mais carentes do pa\u00eds, atr\u00e1s de uma serra resplandecente de esmeraldas, a Sabarabu\u00e7u, e de uma lagoa cheia do mesmo tesouro, a Vupabu\u00e7u. Corria [&hellip;]<\/p>\n","protected":false},"author":1,"featured_media":36216,"comment_status":"open","ping_status":"closed","sticky":false,"template":"","format":"standard","meta":{"amp_status":"","footnotes":""},"categories":[120],"tags":[198,12809,12808],"class_list":["post-36215","post","type-post","status-publish","format-standard","has-post-thumbnail","hentry","category-jequi","tag-diamantina","tag-garimpo-explorado-por-fernao-dias-em-diamantina","tag-garimpo-explorado-por-fernao-dias-no-vale-do-jequitinhonha-e-atracao-turistica"],"_links":{"self":[{"href":"https:\/\/aconteceunovale.com.br\/portal\/index.php?rest_route=\/wp\/v2\/posts\/36215","targetHints":{"allow":["GET"]}}],"collection":[{"href":"https:\/\/aconteceunovale.com.br\/portal\/index.php?rest_route=\/wp\/v2\/posts"}],"about":[{"href":"https:\/\/aconteceunovale.com.br\/portal\/index.php?rest_route=\/wp\/v2\/types\/post"}],"author":[{"embeddable":true,"href":"https:\/\/aconteceunovale.com.br\/portal\/index.php?rest_route=\/wp\/v2\/users\/1"}],"replies":[{"embeddable":true,"href":"https:\/\/aconteceunovale.com.br\/portal\/index.php?rest_route=%2Fwp%2Fv2%2Fcomments&post=36215"}],"version-history":[{"count":0,"href":"https:\/\/aconteceunovale.com.br\/portal\/index.php?rest_route=\/wp\/v2\/posts\/36215\/revisions"}],"wp:featuredmedia":[{"embeddable":true,"href":"https:\/\/aconteceunovale.com.br\/portal\/index.php?rest_route=\/wp\/v2\/media\/36216"}],"wp:attachment":[{"href":"https:\/\/aconteceunovale.com.br\/portal\/index.php?rest_route=%2Fwp%2Fv2%2Fmedia&parent=36215"}],"wp:term":[{"taxonomy":"category","embeddable":true,"href":"https:\/\/aconteceunovale.com.br\/portal\/index.php?rest_route=%2Fwp%2Fv2%2Fcategories&post=36215"},{"taxonomy":"post_tag","embeddable":true,"href":"https:\/\/aconteceunovale.com.br\/portal\/index.php?rest_route=%2Fwp%2Fv2%2Ftags&post=36215"}],"curies":[{"name":"wp","href":"https:\/\/api.w.org\/{rel}","templated":true}]}}