{"id":36209,"date":"2014-07-30T19:32:18","date_gmt":"2014-07-30T22:32:18","guid":{"rendered":"http:\/\/aconteceunovale.com.br\/portal\/?p=36209"},"modified":"2014-07-30T19:32:18","modified_gmt":"2014-07-30T22:32:18","slug":"facebook-deve-comecar-a-banir-mensagens-via-app-nesta-semana","status":"publish","type":"post","link":"https:\/\/aconteceunovale.com.br\/portal\/?p=36209","title":{"rendered":"Facebook deve come\u00e7ar a banir mensagens via app nesta semana"},"content":{"rendered":"<h4><em><strong>Usu\u00e1rios dos apps para iPhone e Android do Facebook que quiserem trocar mensagens v\u00e3o ter que baixar o Messenger, app da empresa voltado s\u00f3 para isso<\/strong><\/em><\/h4>\n<p>O Facebook deve come\u00e7ar a banir a troca de mensagens por meio de seus apps para iPhone e Android nesta semana, afirma o notici\u00e1rio TechCrunch.<\/p>\n<p>Usu\u00e1rios dessas vers\u00f5es do app no Brasil e em outros pa\u00edses j\u00e1 est\u00e3o recebendo alertas e e-mails enviados pelo Facebook recomendando o download do Messenger, app da empresa para troca de recados. <\/p>\n<p>&#8220;Nosso objetivo \u00e9 concentrar esfor\u00e7os para tornar o Messenger a melhor experi\u00eancia m\u00f3vel poss\u00edvel para troca de mensagens&#8221;, afirmou o Facebook em comunicado oficial divulgado pelo TechCrunch.<\/p>\n<p><img decoding=\"async\" src=\"http:\/\/aconteceunovale.com.br\/portal\/wp-content\/uploads\/2014\/07\/facebook_bane_2.jpg\" alt=\"\" \/><em>Facebook no smartphone: a empresa quer for\u00e7ar os usu\u00e1rios a usar o Messenger &#8211; Foto: Getty Images<\/em><br \/>\n<\/br><\/p>\n<h4><strong>Messenger<\/strong><\/h4>\n<p>Desde abril, a troca de mensagens entre os usu\u00e1rios europeus do Facebook s\u00f3 \u00e9 poss\u00edvel por meio do Messenger. Com 200 milh\u00f5es de usu\u00e1rios e fluxo di\u00e1rio de 12 bilh\u00f5es de mensagens, o app fez sucesso e j\u00e1 est\u00e1 em sua oitava vers\u00e3o.<\/p>\n<p>A princ\u00edpio, sua ado\u00e7\u00e3o n\u00e3o ser\u00e1 necess\u00e1ria para quem acessa o Facebook por meio de apps para iPad, Windows Phone e celulares mais simples &#8211; assim como aqueles que acessam a rede social por meio de site m\u00f3vel ou desktop.<\/p>\n<p>De acordo com o Facebook, a troca de recados por meio do Messenger \u00e9 20% mais r\u00e1pida do que no app do Facebook &#8211; que tamb\u00e9m deve passar a funcionar melhor ao deixar de contar com o recurso embutido de chat. (Exame)<\/p>\n","protected":false},"excerpt":{"rendered":"<p>Usu\u00e1rios dos apps para iPhone e Android do Facebook que quiserem trocar mensagens v\u00e3o ter que baixar o Messenger, app da empresa voltado s\u00f3 para isso O Facebook deve come\u00e7ar a banir a troca de mensagens por meio de seus apps para iPhone e Android nesta semana, afirma o notici\u00e1rio TechCrunch. Usu\u00e1rios dessas vers\u00f5es do [&hellip;]<\/p>\n","protected":false},"author":1,"featured_media":36212,"comment_status":"open","ping_status":"closed","sticky":false,"template":"","format":"standard","meta":{"amp_status":"","footnotes":""},"categories":[6],"tags":[12805,12807,12806],"class_list":["post-36209","post","type-post","status-publish","format-standard","has-post-thumbnail","hentry","category-br","tag-facebook-deve-comecar-a-banir-mensagens-via-app-nesta-semana","tag-usuarios-dessas-versoes-do-app-no-brasil-e-em-outros-paises-ja-estao-recebendo-alertas-e-e-mails-enviados-pelo-facebook-recomendando-o-download-do-messenger","tag-usuarios-dos-apps-para-iphone-e-android-do-facebook-que-quiserem-trocar-mensagens-vao-ter-que-baixar-o-messenger"],"_links":{"self":[{"href":"https:\/\/aconteceunovale.com.br\/portal\/index.php?rest_route=\/wp\/v2\/posts\/36209","targetHints":{"allow":["GET"]}}],"collection":[{"href":"https:\/\/aconteceunovale.com.br\/portal\/index.php?rest_route=\/wp\/v2\/posts"}],"about":[{"href":"https:\/\/aconteceunovale.com.br\/portal\/index.php?rest_route=\/wp\/v2\/types\/post"}],"author":[{"embeddable":true,"href":"https:\/\/aconteceunovale.com.br\/portal\/index.php?rest_route=\/wp\/v2\/users\/1"}],"replies":[{"embeddable":true,"href":"https:\/\/aconteceunovale.com.br\/portal\/index.php?rest_route=%2Fwp%2Fv2%2Fcomments&post=36209"}],"version-history":[{"count":0,"href":"https:\/\/aconteceunovale.com.br\/portal\/index.php?rest_route=\/wp\/v2\/posts\/36209\/revisions"}],"wp:featuredmedia":[{"embeddable":true,"href":"https:\/\/aconteceunovale.com.br\/portal\/index.php?rest_route=\/wp\/v2\/media\/36212"}],"wp:attachment":[{"href":"https:\/\/aconteceunovale.com.br\/portal\/index.php?rest_route=%2Fwp%2Fv2%2Fmedia&parent=36209"}],"wp:term":[{"taxonomy":"category","embeddable":true,"href":"https:\/\/aconteceunovale.com.br\/portal\/index.php?rest_route=%2Fwp%2Fv2%2Fcategories&post=36209"},{"taxonomy":"post_tag","embeddable":true,"href":"https:\/\/aconteceunovale.com.br\/portal\/index.php?rest_route=%2Fwp%2Fv2%2Ftags&post=36209"}],"curies":[{"name":"wp","href":"https:\/\/api.w.org\/{rel}","templated":true}]}}