{"id":36204,"date":"2014-07-30T19:05:38","date_gmt":"2014-07-30T22:05:38","guid":{"rendered":"http:\/\/aconteceunovale.com.br\/portal\/?p=36204"},"modified":"2014-07-30T19:05:38","modified_gmt":"2014-07-30T22:05:38","slug":"advogado-e-preso-ao-visitar-clientes-no-presidio-de-montes-claros","status":"publish","type":"post","link":"https:\/\/aconteceunovale.com.br\/portal\/?p=36204","title":{"rendered":"Advogado \u00e9 preso ao visitar clientes no Pres\u00eddio de Montes Claros"},"content":{"rendered":"<h4><strong>Ele deixou de comparecer a audi\u00eancias em 2013. Ele alega que j\u00e1 existe uma contraordem de pris\u00e3o.<\/strong><\/h4>\n<p>Um advogado foi preso na tarde desta quarta-feira (30) quando fazia uma visita a clientes no Pres\u00eddio de Montes Claros, no Norte de Minas Gerais.<\/p>\n<p>Ao apresentar os documentos de identifica\u00e7\u00e3o, foi constatado que existia um mandado de pris\u00e3o preventiva em aberto em seu desfavor. O decreto de pris\u00e3o foi expedido contra Marcos Madureira J\u00fanior em outubro de 2013 pela comarca de S\u00e3o Jos\u00e9 dos Campos.<\/p>\n<p>De acordo com o Tribunal de Justi\u00e7a de S\u00e3o Paulo, ao r\u00e9u Marcos Madureira foi concedida liberdade provis\u00f3ria mediante o compromisso de comparecer a todos os atos do processo. Mas mesmo intimado, ele deixou de comparecer a audi\u00eancias designadas no ano de 2013. <\/p>\n<p>O advogado foi levado no fim desta tarde \u00e0 delegacia de plant\u00e3o da Pol\u00edcia Civil de Montes Claros onde o mandado foi cumprindo. Ele alega que j\u00e1 existe uma contraordem de pris\u00e3o e que espera a expedi\u00e7\u00e3o do alvar\u00e1 pelo juiz competente.<\/p>\n<p>Segundo a Pol\u00edcia Civil, Marcos Madureira Mafra ser\u00e1 encaminhado ainda nesta quarta-feira para o Pres\u00eddio Alvorada onde deve ficar em uma cela especial destinado aos presos com n\u00edvel superior.<\/p>\n<p>De acordo com o delegado de prerrogativa da Ordem dos Advogados do Brasil em Montes Claros, Warlen Freire, o contramandado foi expedido, mas o mesmo n\u00e3o consta no sistema integrado da Justi\u00e7a. \u201cN\u00f3s levantamos todos os autos e entregamos para o advogado de defesa que dever\u00e1 entrar com um pedido de habeas corpus, assim ele poder\u00e1 ser solto esta noite\u201d, afirma Freire. (G1)<\/p>\n","protected":false},"excerpt":{"rendered":"<p>Ele deixou de comparecer a audi\u00eancias em 2013. Ele alega que j\u00e1 existe uma contraordem de pris\u00e3o. Um advogado foi preso na tarde desta quarta-feira (30) quando fazia uma visita a clientes no Pres\u00eddio de Montes Claros, no Norte de Minas Gerais. Ao apresentar os documentos de identifica\u00e7\u00e3o, foi constatado que existia um mandado de [&hellip;]<\/p>\n","protected":false},"author":1,"featured_media":25373,"comment_status":"open","ping_status":"closed","sticky":false,"template":"","format":"standard","meta":{"amp_status":"","footnotes":""},"categories":[1236],"tags":[12801,12803,210,12802],"class_list":["post-36204","post","type-post","status-publish","format-standard","has-post-thumbnail","hentry","category-norte_de_minas","tag-advogado-e-preso-ao-visitar-clientes-no-presidio-de-montes-claros","tag-marcos-madureira-junior","tag-montes-claros","tag-sao-jose-dos-campos"],"_links":{"self":[{"href":"https:\/\/aconteceunovale.com.br\/portal\/index.php?rest_route=\/wp\/v2\/posts\/36204","targetHints":{"allow":["GET"]}}],"collection":[{"href":"https:\/\/aconteceunovale.com.br\/portal\/index.php?rest_route=\/wp\/v2\/posts"}],"about":[{"href":"https:\/\/aconteceunovale.com.br\/portal\/index.php?rest_route=\/wp\/v2\/types\/post"}],"author":[{"embeddable":true,"href":"https:\/\/aconteceunovale.com.br\/portal\/index.php?rest_route=\/wp\/v2\/users\/1"}],"replies":[{"embeddable":true,"href":"https:\/\/aconteceunovale.com.br\/portal\/index.php?rest_route=%2Fwp%2Fv2%2Fcomments&post=36204"}],"version-history":[{"count":0,"href":"https:\/\/aconteceunovale.com.br\/portal\/index.php?rest_route=\/wp\/v2\/posts\/36204\/revisions"}],"wp:featuredmedia":[{"embeddable":true,"href":"https:\/\/aconteceunovale.com.br\/portal\/index.php?rest_route=\/wp\/v2\/media\/25373"}],"wp:attachment":[{"href":"https:\/\/aconteceunovale.com.br\/portal\/index.php?rest_route=%2Fwp%2Fv2%2Fmedia&parent=36204"}],"wp:term":[{"taxonomy":"category","embeddable":true,"href":"https:\/\/aconteceunovale.com.br\/portal\/index.php?rest_route=%2Fwp%2Fv2%2Fcategories&post=36204"},{"taxonomy":"post_tag","embeddable":true,"href":"https:\/\/aconteceunovale.com.br\/portal\/index.php?rest_route=%2Fwp%2Fv2%2Ftags&post=36204"}],"curies":[{"name":"wp","href":"https:\/\/api.w.org\/{rel}","templated":true}]}}