{"id":36201,"date":"2014-07-30T18:59:02","date_gmt":"2014-07-30T21:59:02","guid":{"rendered":"http:\/\/aconteceunovale.com.br\/portal\/?p=36201"},"modified":"2014-07-30T18:59:02","modified_gmt":"2014-07-30T21:59:02","slug":"foragido-da-cadeia-de-guanhaes-e-preso-pela-policia-civil-no-espirito-santo","status":"publish","type":"post","link":"https:\/\/aconteceunovale.com.br\/portal\/?p=36201","title":{"rendered":"Foragido da cadeia de Guanh\u00e3es \u00e9 preso pela Pol\u00edcia Civil no Esp\u00edrito Santo"},"content":{"rendered":"<h4><em><strong>Marcelo de Almeida era foragido da cadeia de Guanh\u00e3es, no Leste de MG. Ele foi condenando por dois homic\u00eddios e \u00e9 suspeito de outros dois crimes.<\/strong><\/em> <\/h4>\n<p>Marcelo J\u00fanior de Almeida, 32 anos, foi preso na noite desta ter\u00e7a-feira (29), no munic\u00edpio de S\u00e3o Roque do Cana\u00e3 (ES) pela Pol\u00edcia Civil de Valadares e do Esp\u00edrito Santo.<\/p>\n<p>Ele estava foragido da cadeia de Guanh\u00e3es, no Leste de Minas Gerais onde cumpria pena pela morte de um fazendeiro no ano de 2010. Marcelo j\u00e1 havia sido julgado e condenado pela morte do pr\u00f3prio irm\u00e3o, em 2004.<\/p>\n<p>Na tarde desta quarta-feira (30), Marcelo J\u00fanior de Almeida foi apresentado na delegacia de Governador Valadares. A delegada Fernanda Dourado contou que al\u00e9m dos dois homic\u00eddios, Marcelo \u00e9 suspeito de outros dois homic\u00eddios.<\/p>\n<p>\u201cEm 2004 ele matou o pr\u00f3prio irm\u00e3o em Pe\u00e7anha. Depois, em 2010, ele matou um fazendeiro a facadas e tiros por quest\u00f5es financeiras, tamb\u00e9m no munic\u00edpio de Pe\u00e7anha. Ele era funcion\u00e1rio do fazendeiro e teve a ajuda de outros dois comparsas que tamb\u00e9m foram presos na ocasi\u00e3o&#8221;, conta a delegada.<\/p>\n<p><img decoding=\"async\" src=\"http:\/\/aconteceunovale.com.br\/portal\/wp-content\/uploads\/2014\/07\/foragido_cadeia_gh.jpg\" alt=\"\" \/><em>Criminoso foi capturado no Esp\u00edrito Santo (Foto: Diego Souza\/G1)<\/em><br \/>\n<\/br><\/p>\n<p>A delegada revelou ainda que Marcelo \u00e9 suspeito de matar um taxista em Guanh\u00e3es. &#8220;Em 2011, ele fugiu da cadeia de Guanh\u00e3es onde cumpria pena de 21 anos pela morte do fazendeiro. Ap\u00f3s a fuga ele se tornou o principal suspeito da morte de um taxista na zona rural  e estamos investigando tamb\u00e9m a morte de outro taxista de Pe\u00e7anha, em 2010, onde o Marcelo \u00e9 o principal suspeito\u201d, revela \u00e0 delegada.<\/p>\n<p>Ao ser apresentado na delegacia de Valadares, Marcelo J\u00fanior de Almeida confirmou que matou o irm\u00e3o, mas negou envolvimento na morte do fazendeiro e dos dois taxistas.<\/p>\n<p>\u201cDos quatro matei s\u00f3 o meu irm\u00e3o. Ele batia na minha m\u00e3e e eu n\u00e3o aguentei ver isso. Eu realmente era funcion\u00e1rio do fazendeiro, mas ele n\u00e3o me devia nada. No dia do crime estive l\u00e1 para tentar avisar  que estavam planejando a morte dele. S\u00f3 quis ajudar, mas n\u00e3o deu tempo. Sobre esses taxistas eu at\u00e9 conhecia um deles, mas n\u00e3o tenho nada a ver com a morte deles\u201d, declarou Marcelo.<\/p>\n<p>Questionado sobre o motivo da fuga da cadeia de Guanh\u00e3es, Marcelo disse que n\u00e3o podia permanecer preso, pois precisava cuidar da filha rec\u00e9m-nascida. Ele foi encaminhado ao pres\u00eddio de Valadares onde vai ficar a disposi\u00e7\u00e3o da justi\u00e7a de Pe\u00e7anha e Guanh\u00e3es. (G1)<\/p>\n","protected":false},"excerpt":{"rendered":"<p>Marcelo de Almeida era foragido da cadeia de Guanh\u00e3es, no Leste de MG. Ele foi condenando por dois homic\u00eddios e \u00e9 suspeito de outros dois crimes. Marcelo J\u00fanior de Almeida, 32 anos, foi preso na noite desta ter\u00e7a-feira (29), no munic\u00edpio de S\u00e3o Roque do Cana\u00e3 (ES) pela Pol\u00edcia Civil de Valadares e do Esp\u00edrito [&hellip;]<\/p>\n","protected":false},"author":1,"featured_media":36202,"comment_status":"open","ping_status":"closed","sticky":false,"template":"","format":"standard","meta":{"amp_status":"","footnotes":""},"categories":[121],"tags":[12800,247,155,12799,306],"class_list":["post-36201","post","type-post","status-publish","format-standard","has-post-thumbnail","hentry","category-leste","tag-foragido-da-cadeia-de-guanhaes-e-preso-pela-policia-civil-no-espirito-santo","tag-governador-valadares","tag-guanhaes","tag-marcelo-junior-de-almeida","tag-pecanha"],"_links":{"self":[{"href":"https:\/\/aconteceunovale.com.br\/portal\/index.php?rest_route=\/wp\/v2\/posts\/36201","targetHints":{"allow":["GET"]}}],"collection":[{"href":"https:\/\/aconteceunovale.com.br\/portal\/index.php?rest_route=\/wp\/v2\/posts"}],"about":[{"href":"https:\/\/aconteceunovale.com.br\/portal\/index.php?rest_route=\/wp\/v2\/types\/post"}],"author":[{"embeddable":true,"href":"https:\/\/aconteceunovale.com.br\/portal\/index.php?rest_route=\/wp\/v2\/users\/1"}],"replies":[{"embeddable":true,"href":"https:\/\/aconteceunovale.com.br\/portal\/index.php?rest_route=%2Fwp%2Fv2%2Fcomments&post=36201"}],"version-history":[{"count":0,"href":"https:\/\/aconteceunovale.com.br\/portal\/index.php?rest_route=\/wp\/v2\/posts\/36201\/revisions"}],"wp:featuredmedia":[{"embeddable":true,"href":"https:\/\/aconteceunovale.com.br\/portal\/index.php?rest_route=\/wp\/v2\/media\/36202"}],"wp:attachment":[{"href":"https:\/\/aconteceunovale.com.br\/portal\/index.php?rest_route=%2Fwp%2Fv2%2Fmedia&parent=36201"}],"wp:term":[{"taxonomy":"category","embeddable":true,"href":"https:\/\/aconteceunovale.com.br\/portal\/index.php?rest_route=%2Fwp%2Fv2%2Fcategories&post=36201"},{"taxonomy":"post_tag","embeddable":true,"href":"https:\/\/aconteceunovale.com.br\/portal\/index.php?rest_route=%2Fwp%2Fv2%2Ftags&post=36201"}],"curies":[{"name":"wp","href":"https:\/\/api.w.org\/{rel}","templated":true}]}}