{"id":36182,"date":"2014-07-30T12:16:30","date_gmt":"2014-07-30T15:16:30","guid":{"rendered":"http:\/\/aconteceunovale.com.br\/portal\/?p=36182"},"modified":"2014-07-30T12:22:00","modified_gmt":"2014-07-30T15:22:00","slug":"policia-civil-de-capelinha-divulga-resultado-das-investigacoes-sobre-homicidios-na-regiao","status":"publish","type":"post","link":"https:\/\/aconteceunovale.com.br\/portal\/?p=36182","title":{"rendered":"Pol\u00edcia Civil de Capelinha divulga resultado das investiga\u00e7\u00f5es sobre homic\u00eddios na regi\u00e3o"},"content":{"rendered":"<p>A Pol\u00edcia Civil de Capelinha prendeu os suspeitos de uma tentativa de homic\u00eddio ocorrida na Rua Carlos Prates e um assassinato ocorrido na comunidade do S\u00e3o Caetano do Lino. <\/p>\n<p>No caso do homic\u00eddio em S\u00e3o Caetano do Lino, no dia 18 de julho, a corpora\u00e7\u00e3o deu cumprimento a dois mandados de pris\u00e3o preventiva, de um total de quatro, todos acolhidos pelo Judici\u00e1rio local ap\u00f3s representa\u00e7\u00e3o realizada pelo Delegado respons\u00e1vel pelas investiga\u00e7\u00f5es, Dr. Marcos Valverde. <\/p>\n<p>Foram presos A.C.S., e seu genro, J.A.S.A., ambos investigados como coautores da morte de Jean Jacomias Cordeiro dos Santos, morto a tiros no dia 29 de junho de 2014. Outros dois envolvidos no homic\u00eddio, Marcil\u00eanio Rubens Alves de Azevedo, vulgo \u201cRub\u00e3o\u201d, e o filho de A.C.S., ainda est\u00e3o foragidos. <\/p>\n<h4><strong>Tentativa de homic\u00eddio em Capelinha<\/strong><\/h4>\n<p>A Pol\u00edcia Civil de Capelinha tamb\u00e9m deu cumprimento a pris\u00e3o preventiva de Juceane Silva, vulgo \u201cJo\u201d, em raz\u00e3o de o mesmo ser investigado como autor de tentativa de homic\u00eddio ocorrida em 28 de junho, na Rua Carlos Prates, nesta cidade. <\/p>\n<p>As investiga\u00e7\u00f5es apontam que Juceane, em conjunto com a pessoa de Marcil\u00eanio Rubens Alves de Azevedo, vulgo \u201cRub\u00e3o\u201d, foram at\u00e9 o local de trabalho da v\u00edtima e, ali, ap\u00f3s a agredirem, dispararam uma arma de fogo contra a mesma.<\/p>\n<p>Participam das investiga\u00e7\u00f5es o Delegado Marcos Valverde, os investigadores Geraldo Vieira, Bruno Cordeiro Campos, Marco Thulyo \u00c1vila Fernandes e os escriv\u00e3es Matheus Mozelli Lima, Allan Ferreira Couto e Adriana Lauar Barbosa.<\/p>\n<p><img decoding=\"async\" src=\"http:\/\/aconteceunovale.com.br\/portal\/wp-content\/uploads\/2014\/07\/procurado_rubao_capelinha2.jpg\" alt=\"\" \/><em>(Marcil\u00eanio Rubens Alves de Azevedo, vulgo \u201cRub\u00e3o\u201d, procurado pela pol\u00edcia &#8211; Foto: Divulga\u00e7\u00e3o)<\/em><br \/>\n<\/br><\/p>\n<h4><strong>Colabora\u00e7\u00e3o da Sociedade<\/strong><\/h4>\n<p>A Pol\u00edcia Civil de Capelinha, visando possibilitar a pris\u00e3o de Marcil\u00eanio, vulgo &#8220;Rub\u00e3o&#8221;, indiv\u00edduo com diversas passagens policiais por homic\u00eddio e tr\u00e1fico de drogas, divulgou a fotografia do mesmo, para que, caso a popula\u00e7\u00e3o tenha not\u00edcias de seu paradeiro, passe informa\u00e7\u00f5es que possibilitem a sua pris\u00e3o.<\/p>\n<p>Informa\u00e7\u00f5es podem ser fornecidas pelos telefones 181 ou 190, bem como pelo e-mail: pc.gerais@bol.com.br. <\/p>\n<p><strong><em>(Fonte: Pol\u00edcia Civil de Minas Gerais \/ Delegacia Regional de Capelinha)<\/em><\/strong><\/p>\n","protected":false},"excerpt":{"rendered":"<p>A Pol\u00edcia Civil de Capelinha prendeu os suspeitos de uma tentativa de homic\u00eddio ocorrida na Rua Carlos Prates e um assassinato ocorrido na comunidade do S\u00e3o Caetano do Lino. No caso do homic\u00eddio em S\u00e3o Caetano do Lino, no dia 18 de julho, a corpora\u00e7\u00e3o deu cumprimento a dois mandados de pris\u00e3o preventiva, de um [&hellip;]<\/p>\n","protected":false},"author":1,"featured_media":36185,"comment_status":"open","ping_status":"closed","sticky":false,"template":"","format":"standard","meta":{"amp_status":"","footnotes":""},"categories":[120],"tags":[132,12793,9963,12795,12794,12796,12792],"class_list":["post-36182","post","type-post","status-publish","format-standard","has-post-thumbnail","hentry","category-jequi","tag-capelinha","tag-homicidio-em-sao-caetano-do-lino","tag-jean-jacomias-cordeiro-dos-santos","tag-juceane-silva","tag-marcilenio-rubens-alves-de-azevedo","tag-policia-civil-de-capelinha-divulga-resultado-das-investigacoes-sobre-homicidios-na-regiao","tag-policia-civil-de-capelinha-prende-suspeitos-de-homicidios-na-regiao"],"_links":{"self":[{"href":"https:\/\/aconteceunovale.com.br\/portal\/index.php?rest_route=\/wp\/v2\/posts\/36182","targetHints":{"allow":["GET"]}}],"collection":[{"href":"https:\/\/aconteceunovale.com.br\/portal\/index.php?rest_route=\/wp\/v2\/posts"}],"about":[{"href":"https:\/\/aconteceunovale.com.br\/portal\/index.php?rest_route=\/wp\/v2\/types\/post"}],"author":[{"embeddable":true,"href":"https:\/\/aconteceunovale.com.br\/portal\/index.php?rest_route=\/wp\/v2\/users\/1"}],"replies":[{"embeddable":true,"href":"https:\/\/aconteceunovale.com.br\/portal\/index.php?rest_route=%2Fwp%2Fv2%2Fcomments&post=36182"}],"version-history":[{"count":0,"href":"https:\/\/aconteceunovale.com.br\/portal\/index.php?rest_route=\/wp\/v2\/posts\/36182\/revisions"}],"wp:featuredmedia":[{"embeddable":true,"href":"https:\/\/aconteceunovale.com.br\/portal\/index.php?rest_route=\/wp\/v2\/media\/36185"}],"wp:attachment":[{"href":"https:\/\/aconteceunovale.com.br\/portal\/index.php?rest_route=%2Fwp%2Fv2%2Fmedia&parent=36182"}],"wp:term":[{"taxonomy":"category","embeddable":true,"href":"https:\/\/aconteceunovale.com.br\/portal\/index.php?rest_route=%2Fwp%2Fv2%2Fcategories&post=36182"},{"taxonomy":"post_tag","embeddable":true,"href":"https:\/\/aconteceunovale.com.br\/portal\/index.php?rest_route=%2Fwp%2Fv2%2Ftags&post=36182"}],"curies":[{"name":"wp","href":"https:\/\/api.w.org\/{rel}","templated":true}]}}