{"id":36170,"date":"2014-07-30T11:06:19","date_gmt":"2014-07-30T14:06:19","guid":{"rendered":"http:\/\/aconteceunovale.com.br\/portal\/?p=36170"},"modified":"2014-07-30T11:06:19","modified_gmt":"2014-07-30T14:06:19","slug":"gerente-de-posto-de-combustiveis-em-almenara-morre-apos-acidente-em-jacinto","status":"publish","type":"post","link":"https:\/\/aconteceunovale.com.br\/portal\/?p=36170","title":{"rendered":"Gerente de posto de combust\u00edveis em Almenara morre ap\u00f3s acidente em Jacinto"},"content":{"rendered":"<p>Morreu na manh\u00e3 desta quarta-feira, 30 de julho, o gerente do Posto Gaby da cidade de Almenara, no Vale do Jequitinhonha. L\u00e1zaro Leal, de 23 anos, estava internado desde o dia 26 de julho, quando se envolveu em um grave acidente pr\u00f3ximo a cidade de Jacinto.<\/p>\n<p>De acordo com informa\u00e7\u00f5es, o jovem conduzia um Fiat Uno Mille quando perdeu o controle da dire\u00e7\u00e3o, capotou e foi arremessado para fora do ve\u00edculo. L\u00e1zaro sofreu traumatismo craniano e perfura\u00e7\u00e3o no pulm\u00e3o. <\/p>\n<p>Ele foi socorrido e levado direto para o Hospital Santa Ros\u00e1lia, em Te\u00f3filo Otoni. Nesta manh\u00e3 veio a falecer ap\u00f3s uma parada cardiorrespirat\u00f3ria. O corpo ser\u00e1 velado em Jacinto.<\/p>\n<p><img decoding=\"async\" src=\"http:\/\/aconteceunovale.com.br\/portal\/wp-content\/uploads\/2014\/07\/gerente_posto_de_combustiveis_almenara.jpg\" alt=\"\" \/><em>(Foto: Arquivo Pessoal \/ Informa\u00e7\u00f5es: Di\u00e1rio do Jequi)<\/em><\/p>\n","protected":false},"excerpt":{"rendered":"<p>Morreu na manh\u00e3 desta quarta-feira, 30 de julho, o gerente do Posto Gaby da cidade de Almenara, no Vale do Jequitinhonha. L\u00e1zaro Leal, de 23 anos, estava internado desde o dia 26 de julho, quando se envolveu em um grave acidente pr\u00f3ximo a cidade de Jacinto. De acordo com informa\u00e7\u00f5es, o jovem conduzia um Fiat [&hellip;]<\/p>\n","protected":false},"author":1,"featured_media":36171,"comment_status":"open","ping_status":"closed","sticky":false,"template":"","format":"standard","meta":{"amp_status":"","footnotes":""},"categories":[120],"tags":[142,12783,12784,408,12785],"class_list":["post-36170","post","type-post","status-publish","format-standard","has-post-thumbnail","hentry","category-jequi","tag-almenara","tag-gerente-de-posto-de-combustiveis-em-almenara-morre-apos-acidente-em-jacinto","tag-gerente-do-posto-gaby-da-cidade-de-almenara","tag-jacinto","tag-lazaro-leal"],"_links":{"self":[{"href":"https:\/\/aconteceunovale.com.br\/portal\/index.php?rest_route=\/wp\/v2\/posts\/36170","targetHints":{"allow":["GET"]}}],"collection":[{"href":"https:\/\/aconteceunovale.com.br\/portal\/index.php?rest_route=\/wp\/v2\/posts"}],"about":[{"href":"https:\/\/aconteceunovale.com.br\/portal\/index.php?rest_route=\/wp\/v2\/types\/post"}],"author":[{"embeddable":true,"href":"https:\/\/aconteceunovale.com.br\/portal\/index.php?rest_route=\/wp\/v2\/users\/1"}],"replies":[{"embeddable":true,"href":"https:\/\/aconteceunovale.com.br\/portal\/index.php?rest_route=%2Fwp%2Fv2%2Fcomments&post=36170"}],"version-history":[{"count":0,"href":"https:\/\/aconteceunovale.com.br\/portal\/index.php?rest_route=\/wp\/v2\/posts\/36170\/revisions"}],"wp:featuredmedia":[{"embeddable":true,"href":"https:\/\/aconteceunovale.com.br\/portal\/index.php?rest_route=\/wp\/v2\/media\/36171"}],"wp:attachment":[{"href":"https:\/\/aconteceunovale.com.br\/portal\/index.php?rest_route=%2Fwp%2Fv2%2Fmedia&parent=36170"}],"wp:term":[{"taxonomy":"category","embeddable":true,"href":"https:\/\/aconteceunovale.com.br\/portal\/index.php?rest_route=%2Fwp%2Fv2%2Fcategories&post=36170"},{"taxonomy":"post_tag","embeddable":true,"href":"https:\/\/aconteceunovale.com.br\/portal\/index.php?rest_route=%2Fwp%2Fv2%2Ftags&post=36170"}],"curies":[{"name":"wp","href":"https:\/\/api.w.org\/{rel}","templated":true}]}}