{"id":36167,"date":"2014-07-30T10:54:18","date_gmt":"2014-07-30T13:54:18","guid":{"rendered":"http:\/\/aconteceunovale.com.br\/portal\/?p=36167"},"modified":"2014-07-30T10:54:18","modified_gmt":"2014-07-30T13:54:18","slug":"homem-e-preso-com-meio-quilo-de-cocaina-em-sao-francisco","status":"publish","type":"post","link":"https:\/\/aconteceunovale.com.br\/portal\/?p=36167","title":{"rendered":"Homem \u00e9 preso com meio quilo de coca\u00edna em S\u00e3o Francisco"},"content":{"rendered":"<h4><em><strong>Homem foi abordado na Vila do Morro e droga estava dentro de carro. Suspeito estava sendo monitorado pelo servi\u00e7o de intelig\u00eancia da pol\u00edcia.<\/strong><\/em><\/h4>\n<p>Uma opera\u00e7\u00e3o entre as Pol\u00edcias Civil e Militar de S\u00e3o Francisco, no Norte de Minas Gerais, resultou na pris\u00e3o de um homem de 30 anos por suspeita de tr\u00e1fico de drogas, na noite desta ter\u00e7a-feira (29).<\/p>\n<p>Ap\u00f3s uma den\u00fancia an\u00f4nima, foi feito o monitoramento pelo servi\u00e7o de intelig\u00eancia da pol\u00edcia. O indiv\u00edduo foi abordado pr\u00f3ximo a Vila do Morro. No carro em que ele estava, com placa de Montes Claros (MG), foram apreendidos 500 gramas de coca\u00edna.<\/p>\n<p>O homem foi preso em flagrante delito levado para a delegacia de S\u00e3o Francisco para demais provid\u00eancias. (G1)<\/p>\n","protected":false},"excerpt":{"rendered":"<p>Homem foi abordado na Vila do Morro e droga estava dentro de carro. Suspeito estava sendo monitorado pelo servi\u00e7o de intelig\u00eancia da pol\u00edcia. Uma opera\u00e7\u00e3o entre as Pol\u00edcias Civil e Militar de S\u00e3o Francisco, no Norte de Minas Gerais, resultou na pris\u00e3o de um homem de 30 anos por suspeita de tr\u00e1fico de drogas, na [&hellip;]<\/p>\n","protected":false},"author":1,"featured_media":36168,"comment_status":"open","ping_status":"closed","sticky":false,"template":"","format":"standard","meta":{"amp_status":"","footnotes":""},"categories":[1236],"tags":[12782,1522],"class_list":["post-36167","post","type-post","status-publish","format-standard","has-post-thumbnail","hentry","category-norte_de_minas","tag-homem-e-preso-com-meio-quilo-de-cocaina-em-sao-francisco","tag-sao-francisco"],"_links":{"self":[{"href":"https:\/\/aconteceunovale.com.br\/portal\/index.php?rest_route=\/wp\/v2\/posts\/36167","targetHints":{"allow":["GET"]}}],"collection":[{"href":"https:\/\/aconteceunovale.com.br\/portal\/index.php?rest_route=\/wp\/v2\/posts"}],"about":[{"href":"https:\/\/aconteceunovale.com.br\/portal\/index.php?rest_route=\/wp\/v2\/types\/post"}],"author":[{"embeddable":true,"href":"https:\/\/aconteceunovale.com.br\/portal\/index.php?rest_route=\/wp\/v2\/users\/1"}],"replies":[{"embeddable":true,"href":"https:\/\/aconteceunovale.com.br\/portal\/index.php?rest_route=%2Fwp%2Fv2%2Fcomments&post=36167"}],"version-history":[{"count":0,"href":"https:\/\/aconteceunovale.com.br\/portal\/index.php?rest_route=\/wp\/v2\/posts\/36167\/revisions"}],"wp:featuredmedia":[{"embeddable":true,"href":"https:\/\/aconteceunovale.com.br\/portal\/index.php?rest_route=\/wp\/v2\/media\/36168"}],"wp:attachment":[{"href":"https:\/\/aconteceunovale.com.br\/portal\/index.php?rest_route=%2Fwp%2Fv2%2Fmedia&parent=36167"}],"wp:term":[{"taxonomy":"category","embeddable":true,"href":"https:\/\/aconteceunovale.com.br\/portal\/index.php?rest_route=%2Fwp%2Fv2%2Fcategories&post=36167"},{"taxonomy":"post_tag","embeddable":true,"href":"https:\/\/aconteceunovale.com.br\/portal\/index.php?rest_route=%2Fwp%2Fv2%2Ftags&post=36167"}],"curies":[{"name":"wp","href":"https:\/\/api.w.org\/{rel}","templated":true}]}}