{"id":36162,"date":"2014-07-30T10:37:44","date_gmt":"2014-07-30T13:37:44","guid":{"rendered":"http:\/\/aconteceunovale.com.br\/portal\/?p=36162"},"modified":"2014-07-30T10:37:44","modified_gmt":"2014-07-30T13:37:44","slug":"delegacia-virtual-ainda-e-pouco-utilizada-pela-populacao-de-minas-gerais","status":"publish","type":"post","link":"https:\/\/aconteceunovale.com.br\/portal\/?p=36162","title":{"rendered":"Delegacia Virtual ainda \u00e9 pouco utilizada pela popula\u00e7\u00e3o de Minas Gerais"},"content":{"rendered":"<p>Criada h\u00e1 exatos tr\u00eas meses para facilitar a vida do cidad\u00e3o e ajudar a desafogar as delegacias f\u00edsicas de Minas, a Delegacia Virtual ainda \u00e9 pouco utilizada no Estado. Ocorr\u00eancias mais simples, como acidentes de tr\u00e2nsito sem v\u00edtimas e extravio de documentos e objetos pessoais, podem ser registradas pela internet, mas muita gente ainda procura o atendimento presencial, em alguns casos, por desconhecer o novo sistema. <\/p>\n<p>A Coordena\u00e7\u00e3o de Opera\u00e7\u00f5es Policiais (COP) do Departamento de Tr\u00e2nsito de Minas Gerais (Detran), por exemplo, no Centro de BH, recebe cerca de cem pessoas por dia para registrar acidentes de tr\u00e2nsito sem v\u00edtimas. J\u00e1 nas dez primeiras semanas em que o sistema digital funcionou apenas para esse tipo de situa\u00e7\u00e3o, foram contabilizados menos da metade de BOs, 43 por dia, em todo o Estado. <\/p>\n<p>Em Minas, at\u00e9 o \u00faltimo dia 23, 7.512 pessoas haviam utilizado a Delegacia Virtual. Apesar de baixo (83 casos por dia), o n\u00famero de registros \u00e9 considerado satisfat\u00f3rio. \u201cEst\u00e1 dentro do esperado, sobretudo quando levada em conta que a divulga\u00e7\u00e3o do servi\u00e7o ainda \u00e9 pequena\u201d, afirma a delegada Yukari Miyata, superintendente-adjunta de Informa\u00e7\u00f5es e Intelig\u00eancia Policial da PC.<\/p>\n<h4><strong>Ocorr\u00eancia<\/strong><\/h4>\n<p>Funcion\u00e1rio de um petshop na capital, Jhonatan Veloso, de 20 anos, foi v\u00edtima de um acidente de moto na tarde dessa ter\u00e7a-feira (29). Mesmo sabendo que poderia registrar a ocorr\u00eancia pelo site da Pol\u00edcia Civil, preferiu ir at\u00e9 a delegacia. \u201cJ\u00e1 ouvi dizer que o sistema \u00e9 lento e nem sempre funciona. Na d\u00favida, preferir vir pessoalmente\u201d, justificou. <\/p>\n<p>Segundo a delegada, por\u00e9m, t\u00e3o logo seja confirmado o recebimento dos dados no sistema da pol\u00edcia, o n\u00famero do Registro de Evento de Defesa Social (Reds) \u00e9 enviado, por e-mail, ao usu\u00e1rio. O tempo m\u00e1ximo, de acordo com ela, \u00e9 de 30 minutos. <\/p>\n<h4><strong>Sistema expandido<\/strong><\/h4>\n<p>At\u00e9 o fim do ano, quando o sistema ser\u00e1 expandido e passar\u00e1 a receber ocorr\u00eancias de pessoas desaparecidas e localizadas (a partir de 30 de agosto) e de crimes de dano simples (a partir de 30 de outubro), cartilhas informativas e com o passo a passo de como acessar os sites ser\u00e3o distribu\u00eddas nas delegacias de todo o Estado. <\/p>\n<p>Para registrar um acidente sem v\u00edtima ou a perda ou extravio de documentos e objetos pessoais, basta acessar o site <a href=\"https:\/\/delegaciavirtual.sids.mg.gov.br\/\" target=\"_blank\">delegaciavirtual.sids.mg.gov.br <\/a>ou os links de atalho nos sites do Detran e da Pol\u00edcia Civil. Todos os eventos devem ter ocorrido em cidades de Minas.<\/p>\n<h4><strong>Autoatendimento at\u00e9 o fim do ano<\/strong><\/h4>\n<p>Para estimular a utiliza\u00e7\u00e3o do sistema virtual de registro de ocorr\u00eancias, a Pol\u00edcia Civil (PC) deve instalar, at\u00e9 o fim do ano, terminais de autoatendimento nas Unidade de Atendimento Integrado (Uai) de Belo Horizonte, nas unidades da PC e nos posto do Servi\u00e7o de Prote\u00e7\u00e3o ao Cr\u00e9dito (SPC).<\/p>\n<p>O objetivo \u00e9 facilitar o acesso do cidad\u00e3o ao sistema online. \u201cEstamos aguardando a libera\u00e7\u00e3o dos recursos. A disponibiliza\u00e7\u00e3o desse servi\u00e7o estava prevista para o ano passado, mas por uma quest\u00e3o de contingenciamento de recursos n\u00e3o saiu\u201d, explicou a delegada Yukari Miyata.<\/p>\n<p><img decoding=\"async\" src=\"http:\/\/aconteceunovale.com.br\/portal\/wp-content\/uploads\/2014\/07\/registros_delegacia_virtual.jpg\" alt=\"\" \/><br \/>\n<strong>(Fonte: Hoje em Dia)<\/strong><\/p>\n","protected":false},"excerpt":{"rendered":"<p>Criada h\u00e1 exatos tr\u00eas meses para facilitar a vida do cidad\u00e3o e ajudar a desafogar as delegacias f\u00edsicas de Minas, a Delegacia Virtual ainda \u00e9 pouco utilizada no Estado. Ocorr\u00eancias mais simples, como acidentes de tr\u00e2nsito sem v\u00edtimas e extravio de documentos e objetos pessoais, podem ser registradas pela internet, mas muita gente ainda procura [&hellip;]<\/p>\n","protected":false},"author":1,"featured_media":28199,"comment_status":"open","ping_status":"closed","sticky":false,"template":"","format":"standard","meta":{"amp_status":"","footnotes":""},"categories":[123],"tags":[3226,12780],"class_list":["post-36162","post","type-post","status-publish","format-standard","has-post-thumbnail","hentry","category-gerais","tag-delegacia-virtual","tag-delegacia-virtual-ainda-e-pouco-utilizada-pela-populacao-de-minas-gerais"],"_links":{"self":[{"href":"https:\/\/aconteceunovale.com.br\/portal\/index.php?rest_route=\/wp\/v2\/posts\/36162","targetHints":{"allow":["GET"]}}],"collection":[{"href":"https:\/\/aconteceunovale.com.br\/portal\/index.php?rest_route=\/wp\/v2\/posts"}],"about":[{"href":"https:\/\/aconteceunovale.com.br\/portal\/index.php?rest_route=\/wp\/v2\/types\/post"}],"author":[{"embeddable":true,"href":"https:\/\/aconteceunovale.com.br\/portal\/index.php?rest_route=\/wp\/v2\/users\/1"}],"replies":[{"embeddable":true,"href":"https:\/\/aconteceunovale.com.br\/portal\/index.php?rest_route=%2Fwp%2Fv2%2Fcomments&post=36162"}],"version-history":[{"count":0,"href":"https:\/\/aconteceunovale.com.br\/portal\/index.php?rest_route=\/wp\/v2\/posts\/36162\/revisions"}],"wp:featuredmedia":[{"embeddable":true,"href":"https:\/\/aconteceunovale.com.br\/portal\/index.php?rest_route=\/wp\/v2\/media\/28199"}],"wp:attachment":[{"href":"https:\/\/aconteceunovale.com.br\/portal\/index.php?rest_route=%2Fwp%2Fv2%2Fmedia&parent=36162"}],"wp:term":[{"taxonomy":"category","embeddable":true,"href":"https:\/\/aconteceunovale.com.br\/portal\/index.php?rest_route=%2Fwp%2Fv2%2Fcategories&post=36162"},{"taxonomy":"post_tag","embeddable":true,"href":"https:\/\/aconteceunovale.com.br\/portal\/index.php?rest_route=%2Fwp%2Fv2%2Ftags&post=36162"}],"curies":[{"name":"wp","href":"https:\/\/api.w.org\/{rel}","templated":true}]}}