{"id":36160,"date":"2014-07-30T10:31:09","date_gmt":"2014-07-30T13:31:09","guid":{"rendered":"http:\/\/aconteceunovale.com.br\/portal\/?p=36160"},"modified":"2014-07-30T10:31:09","modified_gmt":"2014-07-30T13:31:09","slug":"adolescentes-sao-detidas-tentando-passar-celulares-para-o-irmao-no-presidio-de-montes-claros","status":"publish","type":"post","link":"https:\/\/aconteceunovale.com.br\/portal\/?p=36160","title":{"rendered":"Adolescentes s\u00e3o detidas tentando passar celulares para o irm\u00e3o no pres\u00eddio de Montes Claros"},"content":{"rendered":"<h4><em><strong>Adolescentes, de 13 e 15 anos, jogaram sacola com aparelhos, chips e baterias por cima de muro, mas n\u00e3o conseguiram passar o material<\/strong><\/em><\/h4>\n<p>Duas adolescentes, irm\u00e3s de um presidi\u00e1rio, foram apreendidas, em Montes Claros, no Norte de Minas, nessa ter\u00e7a-feira (29), tentando passar cinco celulares para dentro do local.<\/p>\n<p>De acordo com a Pol\u00edcia Militar (PM), as meninas, de 13 e 15 anos, foram vistas tentando arremessar uma sacola por cima da tela que cerca o Pres\u00eddio Regional de Montes Claros, na avenida Ant\u00f4nio de Freitas, no bairro Novo Jaragu\u00e1, por agentes penitenci\u00e1rios, durante o servi\u00e7o de guarda.<\/p>\n<p>As adolescentes chegaram a arremessar a sacola, mas ela bateu na tela de prote\u00e7\u00e3o e n\u00e3o passou. Ao serem abordadas, foi encontrado com elas, dentro da sacola, cinco celulares, al\u00e9m de chips e baterias. Questionadas sobre a origem e destino dos aparelhos, as jovens se recusaram a dar informa\u00e7\u00f5es.<\/p>\n<p>As duas s\u00e3o irm\u00e3s do preso Jaime Junior Freire de Souza, 19, que cumpre pena na unidade prisional por roubo.<\/p>\n<p><img decoding=\"async\" src=\"http:\/\/aconteceunovale.com.br\/portal\/wp-content\/uploads\/2014\/07\/presidio_regional_montes_claros.jpg\" alt=\"\" \/><em>(Celulares foram jogados por cima do muro do pres\u00eddio regional de Montes Claros &#8211; Foto: Reprodu\u00e7\u00e3o)<\/em><\/p>\n","protected":false},"excerpt":{"rendered":"<p>Adolescentes, de 13 e 15 anos, jogaram sacola com aparelhos, chips e baterias por cima de muro, mas n\u00e3o conseguiram passar o material Duas adolescentes, irm\u00e3s de um presidi\u00e1rio, foram apreendidas, em Montes Claros, no Norte de Minas, nessa ter\u00e7a-feira (29), tentando passar cinco celulares para dentro do local. De acordo com a Pol\u00edcia Militar [&hellip;]<\/p>\n","protected":false},"author":1,"featured_media":35211,"comment_status":"open","ping_status":"closed","sticky":false,"template":"","format":"standard","meta":{"amp_status":"","footnotes":""},"categories":[1236],"tags":[12779,12778,210,9414],"class_list":["post-36160","post","type-post","status-publish","format-standard","has-post-thumbnail","hentry","category-norte_de_minas","tag-adolescentes-sao-detidas-tentando-passar-celulares-para-o-irmao-no-presidio-de-montes-claros","tag-jaime-junior-freire-de-souza","tag-montes-claros","tag-presidio-regional-de-montes-claros"],"_links":{"self":[{"href":"https:\/\/aconteceunovale.com.br\/portal\/index.php?rest_route=\/wp\/v2\/posts\/36160","targetHints":{"allow":["GET"]}}],"collection":[{"href":"https:\/\/aconteceunovale.com.br\/portal\/index.php?rest_route=\/wp\/v2\/posts"}],"about":[{"href":"https:\/\/aconteceunovale.com.br\/portal\/index.php?rest_route=\/wp\/v2\/types\/post"}],"author":[{"embeddable":true,"href":"https:\/\/aconteceunovale.com.br\/portal\/index.php?rest_route=\/wp\/v2\/users\/1"}],"replies":[{"embeddable":true,"href":"https:\/\/aconteceunovale.com.br\/portal\/index.php?rest_route=%2Fwp%2Fv2%2Fcomments&post=36160"}],"version-history":[{"count":0,"href":"https:\/\/aconteceunovale.com.br\/portal\/index.php?rest_route=\/wp\/v2\/posts\/36160\/revisions"}],"wp:featuredmedia":[{"embeddable":true,"href":"https:\/\/aconteceunovale.com.br\/portal\/index.php?rest_route=\/wp\/v2\/media\/35211"}],"wp:attachment":[{"href":"https:\/\/aconteceunovale.com.br\/portal\/index.php?rest_route=%2Fwp%2Fv2%2Fmedia&parent=36160"}],"wp:term":[{"taxonomy":"category","embeddable":true,"href":"https:\/\/aconteceunovale.com.br\/portal\/index.php?rest_route=%2Fwp%2Fv2%2Fcategories&post=36160"},{"taxonomy":"post_tag","embeddable":true,"href":"https:\/\/aconteceunovale.com.br\/portal\/index.php?rest_route=%2Fwp%2Fv2%2Ftags&post=36160"}],"curies":[{"name":"wp","href":"https:\/\/api.w.org\/{rel}","templated":true}]}}