{"id":36148,"date":"2014-07-29T23:02:16","date_gmt":"2014-07-30T02:02:16","guid":{"rendered":"http:\/\/aconteceunovale.com.br\/portal\/?p=36148"},"modified":"2014-07-29T23:02:16","modified_gmt":"2014-07-30T02:02:16","slug":"caminhao-tomba-na-mg-342-proximo-a-coronel-murta","status":"publish","type":"post","link":"https:\/\/aconteceunovale.com.br\/portal\/?p=36148","title":{"rendered":"Caminh\u00e3o tomba na MG-342 pr\u00f3ximo a Coronel Murta"},"content":{"rendered":"<p>Um caminh\u00e3o da empresa Arcom tombou por volta das 6 horas e 30 minutos da manh\u00e3 desta ter\u00e7a-feira, 29 de julho, no quil\u00f4metro oito da MG-342, pr\u00f3ximo a Coronel Murta, no Vale do Jequitinhonha. <\/p>\n<p>De acordo com informa\u00e7\u00f5es, o caminh\u00e3o ba\u00fa placa HIG-6323, de Uberl\u00e2ndia\/MG, capotou nas imedia\u00e7\u00f5es da Fazenda Alagadi\u00e7o, ap\u00f3s bater em um barranco. O ve\u00edculo ficou atravessado na pista. No momento do ocorrido, o motorista estava sozinho no ve\u00edculo. Ele sofreu apenas uma leve escoria\u00e7\u00e3o no bra\u00e7o esquerdo.<\/p>\n<p>Um trabalhador rural que estava pr\u00f3ximo relatou que ouviu um barulho e muita poeira, chegando ao local deparou com o caminh\u00e3o tombado e o motorista saindo pela porta do passageiro.<\/p>\n<p>A causa do acidente e o nome do caminhoneiro n\u00e3o foram divulgados pela pol\u00edcia.<\/p>\n<p><img decoding=\"async\" src=\"http:\/\/aconteceunovale.com.br\/portal\/wp-content\/uploads\/2014\/07\/acidente_coronel_murta_29_7_1.jpg\" alt=\"\" \/><em>(Caminh\u00e3o ficou atravessado na pista &#8211; Foto: Dinda da R\u00e1dio L\u00edder \/ Reprodu\u00e7\u00e3o)<\/em><br \/>\n<\/br><\/p>\n<p><img decoding=\"async\" src=\"http:\/\/aconteceunovale.com.br\/portal\/wp-content\/uploads\/2014\/07\/acidente_coronel_murta_29_7_2.jpg\" alt=\"\" \/><em>(Acidente ocorreu pr\u00f3ximo a Coronel Murta &#8211; Foto: Dinda da R\u00e1dio L\u00edder \/ Reprodu\u00e7\u00e3o)<\/em><\/p>\n","protected":false},"excerpt":{"rendered":"<p>Um caminh\u00e3o da empresa Arcom tombou por volta das 6 horas e 30 minutos da manh\u00e3 desta ter\u00e7a-feira, 29 de julho, no quil\u00f4metro oito da MG-342, pr\u00f3ximo a Coronel Murta, no Vale do Jequitinhonha. De acordo com informa\u00e7\u00f5es, o caminh\u00e3o ba\u00fa placa HIG-6323, de Uberl\u00e2ndia\/MG, capotou nas imedia\u00e7\u00f5es da Fazenda Alagadi\u00e7o, ap\u00f3s bater em um [&hellip;]<\/p>\n","protected":false},"author":1,"featured_media":36149,"comment_status":"open","ping_status":"closed","sticky":false,"template":"","format":"standard","meta":{"amp_status":"","footnotes":""},"categories":[120],"tags":[12775,12774,483],"class_list":["post-36148","post","type-post","status-publish","format-standard","has-post-thumbnail","hentry","category-jequi","tag-acidente-com-caminhao-da-arcom-em-coronel-murta","tag-caminhao-tomba-na-mg-342-proximo-a-coronel-murta","tag-coronel-murta"],"_links":{"self":[{"href":"https:\/\/aconteceunovale.com.br\/portal\/index.php?rest_route=\/wp\/v2\/posts\/36148","targetHints":{"allow":["GET"]}}],"collection":[{"href":"https:\/\/aconteceunovale.com.br\/portal\/index.php?rest_route=\/wp\/v2\/posts"}],"about":[{"href":"https:\/\/aconteceunovale.com.br\/portal\/index.php?rest_route=\/wp\/v2\/types\/post"}],"author":[{"embeddable":true,"href":"https:\/\/aconteceunovale.com.br\/portal\/index.php?rest_route=\/wp\/v2\/users\/1"}],"replies":[{"embeddable":true,"href":"https:\/\/aconteceunovale.com.br\/portal\/index.php?rest_route=%2Fwp%2Fv2%2Fcomments&post=36148"}],"version-history":[{"count":0,"href":"https:\/\/aconteceunovale.com.br\/portal\/index.php?rest_route=\/wp\/v2\/posts\/36148\/revisions"}],"wp:featuredmedia":[{"embeddable":true,"href":"https:\/\/aconteceunovale.com.br\/portal\/index.php?rest_route=\/wp\/v2\/media\/36149"}],"wp:attachment":[{"href":"https:\/\/aconteceunovale.com.br\/portal\/index.php?rest_route=%2Fwp%2Fv2%2Fmedia&parent=36148"}],"wp:term":[{"taxonomy":"category","embeddable":true,"href":"https:\/\/aconteceunovale.com.br\/portal\/index.php?rest_route=%2Fwp%2Fv2%2Fcategories&post=36148"},{"taxonomy":"post_tag","embeddable":true,"href":"https:\/\/aconteceunovale.com.br\/portal\/index.php?rest_route=%2Fwp%2Fv2%2Ftags&post=36148"}],"curies":[{"name":"wp","href":"https:\/\/api.w.org\/{rel}","templated":true}]}}