{"id":36142,"date":"2014-07-29T22:27:46","date_gmt":"2014-07-30T01:27:46","guid":{"rendered":"http:\/\/aconteceunovale.com.br\/portal\/?p=36142"},"modified":"2014-07-29T22:27:46","modified_gmt":"2014-07-30T01:27:46","slug":"tres-criancas-morrem-carbonizadas-em-incendio-que-atingiu-residencia-em-presidente-olegario","status":"publish","type":"post","link":"https:\/\/aconteceunovale.com.br\/portal\/?p=36142","title":{"rendered":"Tr\u00eas crian\u00e7as morrem carbonizadas em inc\u00eandio que atingiu resid\u00eancia em Presidente Oleg\u00e1rio"},"content":{"rendered":"<p>Tr\u00eas crian\u00e7as morreram carbonizadas em um inc\u00eandio que atingiu uma resid\u00eancia da cidade de Presidente Oleg\u00e1rio, no Noroeste do Estado, na tarde desta ter\u00e7a-feira (29). Os pais das v\u00edtimas estavam na rua conversando com vizinhos, por volta de 16h20, quando perceberam as chamas. Eles tentaram socorrer os filhos, mas n\u00e3o conseguiram.<\/p>\n<p>A m\u00e3e das crian\u00e7as teve ferimentos de terceiro grau e foi socorrida para o Hospital Municipal, onde foi medicada e em seguida transferida para Hospital de Pronto-Socorro Jo\u00e3o XXIII, em  Belo Horizonte. O pai das v\u00edtimas segue internado no Hospital Municipal de Presidente Oleg\u00e1rio.<\/p>\n<p>Conforme informa\u00e7\u00f5es do cabo Rhenys Cambrai, lotado na 156\u00aa Cia do 15\u00aa Batalh\u00e3o da Pol\u00edcia Militar (PM), um garoto, de 4 anos e 2 meses, e dois g\u00eameos de 1 anos e 8 meses brincavam no quarto da casa localizada na rua Man\u00e9 Chico, no bairro Am\u00e9rico Caetano, quando as chamas tiveram in\u00edcio. A m\u00e3e e o pai que estavam do lado de foram da casa tentaram retirar os filhos do im\u00f3vel, mas eles j\u00e1 estavam carbonizados.<\/p>\n<p><img decoding=\"async\" src=\"http:\/\/aconteceunovale.com.br\/portal\/wp-content\/uploads\/2014\/07\/criancas_carbonizadas_presidente_olegario_1.jpg\" alt=\"\" \/><em>Tr\u00eas crian\u00e7as morreram carbonizadas ap\u00f3s um inc\u00eandio em uma casa no Bairro Am\u00e9rico Caetano, em Presidente Oleg\u00e1rio, no Noroeste do Estado, no fim da tarde desta ter\u00e7a-feira (29) &#8211; Foto: Toninho Cury \/ Clube Noticia<\/em><br \/>\n<\/br><\/p>\n<p>Os pais das crian\u00e7as precisaram ser socorridos pelo Corpo de Bombeiros de Patos de Minas, que fica a 28 km de dist\u00e2ncia da cidade, em fun\u00e7\u00e3o de terem inalado muita fuma\u00e7a. A m\u00e3e ainda teve queimaduras.  <\/p>\n<p>A per\u00edcia da Pol\u00edcia Civil esteve no local e a suspeita \u00e9 de que um curto-circuito na rede el\u00e9trica da casa tenha provocado as chamas. O delegado da Pol\u00edcia Civil de Presidente Oleg\u00e1rio tamb\u00e9m esteve no im\u00f3vel e ir\u00e1 investigar o caso.<\/p>\n<p>Em busca de melhores oportunidades, a fam\u00edlia havia se mudado h\u00e1 pouco tempo para a cidade. &#8220;Eles s\u00e3o do norte de Minas, e vieram para o munic\u00edpio para trabalhar na colheita de caf\u00e9&#8221;, relatou o policial.<\/p>\n<p>Isabel Monteiro, de 40 anos, que trabalha na colheita de maracuj\u00e1 e \u00e9 vizinha da fam\u00edlia, contou \u00e0 reportagem que ao chegar do trabalho encontrou a rua tomada por pol\u00edcia, bombeiro e moradores. &#8220;Fiquei preocupada. Primeiro, vi a rua cheia de pol\u00edcia e achei que fosse roubo. Depois os vizinhos me contaram o que havia acontecido&#8221; explicou.  <\/p>\n<p>Assim como a fam\u00edlia Lopes, cinco pessoas moram na casa de Isabel, entre elas o filho de 4 anos, ela relatou ter ficado com medo depois do inc\u00eandio. &#8220;Estou muito triste com essa hist\u00f3ria. Tamb\u00e9m tenho uma crian\u00e7a da mesma idade de um dos garotos que morreram. A partir de agora vou ir trabalhar pensando no que pode acontecer&#8221; finalizou.   <\/p>\n<h4><strong>Crian\u00e7as<\/strong><\/h4>\n<p>Hiran Jesus Lopes, de 1 anos e 8 meses<br \/>\nJuan Jesus Lopes, de 1 anos e 8 meses<br \/>\nWingrid Loran Oliveira, de 4 anos e 2 meses  <\/p>\n<h4><strong>Pais<\/strong><\/h4>\n<p>Cleidiane Maria de Jesus, de 23 anos<br \/>\nLeandro Ruas Lopes, de 24 anos <\/p>\n<p><img decoding=\"async\" src=\"http:\/\/aconteceunovale.com.br\/portal\/wp-content\/uploads\/2014\/07\/criancas_carbonizadas_presidente_olegario_2.jpg\" alt=\"\" \/><em>Fam\u00edlia havia se mudado para a cidade h\u00e1 pouco tempo para trabalhar na colheita de caf\u00e9 &#8211; Foto: Toninho Cury \/ Clube Noticia<\/em><br \/>\n<\/br><\/p>\n<p><img decoding=\"async\" src=\"http:\/\/aconteceunovale.com.br\/portal\/wp-content\/uploads\/2014\/07\/criancas_carbonizadas_presidente_olegario_3.jpg\" alt=\"\" \/><em>M\u00e3e tentou socorrer os filhos, no entanto acabou ferida com queimaduras de terceiro grau &#8211; Foto: Toninho Cury \/ Clube Noticia<\/em><br \/>\n<\/br><\/p>\n<p><strong>(O Tempo)<\/strong><\/p>\n","protected":false},"excerpt":{"rendered":"<p>Tr\u00eas crian\u00e7as morreram carbonizadas em um inc\u00eandio que atingiu uma resid\u00eancia da cidade de Presidente Oleg\u00e1rio, no Noroeste do Estado, na tarde desta ter\u00e7a-feira (29). Os pais das v\u00edtimas estavam na rua conversando com vizinhos, por volta de 16h20, quando perceberam as chamas. Eles tentaram socorrer os filhos, mas n\u00e3o conseguiram. A m\u00e3e das crian\u00e7as [&hellip;]<\/p>\n","protected":false},"author":1,"featured_media":36144,"comment_status":"open","ping_status":"closed","sticky":false,"template":"","format":"standard","meta":{"amp_status":"","footnotes":""},"categories":[123],"tags":[12771,12768,12769,12772,1519,12773,12770],"class_list":["post-36142","post","type-post","status-publish","format-standard","has-post-thumbnail","hentry","category-gerais","tag-cleidiane-maria-de-jesus","tag-hiran-jesus-lopes","tag-juan-jesus-lopes","tag-leandro-ruas-lopes","tag-presidente-olegario","tag-tres-criancas-morrem-carbonizadas-em-incendio-que-atingiu-residencia-em-presidente-olegario","tag-wingrid-loran-oliveira"],"_links":{"self":[{"href":"https:\/\/aconteceunovale.com.br\/portal\/index.php?rest_route=\/wp\/v2\/posts\/36142","targetHints":{"allow":["GET"]}}],"collection":[{"href":"https:\/\/aconteceunovale.com.br\/portal\/index.php?rest_route=\/wp\/v2\/posts"}],"about":[{"href":"https:\/\/aconteceunovale.com.br\/portal\/index.php?rest_route=\/wp\/v2\/types\/post"}],"author":[{"embeddable":true,"href":"https:\/\/aconteceunovale.com.br\/portal\/index.php?rest_route=\/wp\/v2\/users\/1"}],"replies":[{"embeddable":true,"href":"https:\/\/aconteceunovale.com.br\/portal\/index.php?rest_route=%2Fwp%2Fv2%2Fcomments&post=36142"}],"version-history":[{"count":0,"href":"https:\/\/aconteceunovale.com.br\/portal\/index.php?rest_route=\/wp\/v2\/posts\/36142\/revisions"}],"wp:featuredmedia":[{"embeddable":true,"href":"https:\/\/aconteceunovale.com.br\/portal\/index.php?rest_route=\/wp\/v2\/media\/36144"}],"wp:attachment":[{"href":"https:\/\/aconteceunovale.com.br\/portal\/index.php?rest_route=%2Fwp%2Fv2%2Fmedia&parent=36142"}],"wp:term":[{"taxonomy":"category","embeddable":true,"href":"https:\/\/aconteceunovale.com.br\/portal\/index.php?rest_route=%2Fwp%2Fv2%2Fcategories&post=36142"},{"taxonomy":"post_tag","embeddable":true,"href":"https:\/\/aconteceunovale.com.br\/portal\/index.php?rest_route=%2Fwp%2Fv2%2Ftags&post=36142"}],"curies":[{"name":"wp","href":"https:\/\/api.w.org\/{rel}","templated":true}]}}