{"id":36135,"date":"2014-07-29T19:44:26","date_gmt":"2014-07-29T22:44:26","guid":{"rendered":"http:\/\/aconteceunovale.com.br\/portal\/?p=36135"},"modified":"2014-07-29T19:44:26","modified_gmt":"2014-07-29T22:44:26","slug":"bispo-de-aracuai-sofre-acidente-proximo-a-turmalina-no-vale-do-jequitinhonha","status":"publish","type":"post","link":"https:\/\/aconteceunovale.com.br\/portal\/?p=36135","title":{"rendered":"Bispo de Ara\u00e7ua\u00ed sofre acidente pr\u00f3ximo a Turmalina, no Vale do Jequitinhonha"},"content":{"rendered":"<p>O bispo da diocese de Ara\u00e7ua\u00ed, no Vale do Jequitinhonha, Dom Marcello Romano, sofreu um acidente de carro na manh\u00e3 dessa segunda-feira, 28 de julho.<\/p>\n<p>O carro que o bispo conduzia capotou pr\u00f3ximo \u00e0 cidade de Turmalina. Com o impacto do acidente, o religioso sofreu escoria\u00e7\u00f5es pelo corpo e teve a clav\u00edcula e o \u00famero afetados. Apesar das dores, Dom Marcello Romano passa bem.<\/p>\n<p>De acordo com informa\u00e7\u00f5es da diocese, ele recebeu alta e seguir\u00e1 para Belo Horizonte, onde ficar\u00e1 com familiares at\u00e9 a recupera\u00e7\u00e3o completa.<\/p>\n<p><img decoding=\"async\" src=\"http:\/\/aconteceunovale.com.br\/portal\/wp-content\/uploads\/2014\/07\/marcello_romano_bispo_aracuai.jpg\" alt=\"\" \/><em>Dom Marcelo assumiu a diocese de Ara\u00e7ua\u00ed em setembro de 2012 &#8211; Foto: Divulga\u00e7\u00e3o<\/em><br \/>\n<\/br><\/p>\n<p><strong>(Gazeta de Ara\u00e7ua\u00ed)<\/strong><\/p>\n","protected":false},"excerpt":{"rendered":"<p>O bispo da diocese de Ara\u00e7ua\u00ed, no Vale do Jequitinhonha, Dom Marcello Romano, sofreu um acidente de carro na manh\u00e3 dessa segunda-feira, 28 de julho. O carro que o bispo conduzia capotou pr\u00f3ximo \u00e0 cidade de Turmalina. Com o impacto do acidente, o religioso sofreu escoria\u00e7\u00f5es pelo corpo e teve a clav\u00edcula e o \u00famero [&hellip;]<\/p>\n","protected":false},"author":1,"featured_media":36136,"comment_status":"open","ping_status":"closed","sticky":false,"template":"","format":"standard","meta":{"amp_status":"","footnotes":""},"categories":[120],"tags":[12765,186,12763,12764,12766,178],"class_list":["post-36135","post","type-post","status-publish","format-standard","has-post-thumbnail","hentry","category-jequi","tag-acidente-com-o-bispo-de-aracuai","tag-aracuai","tag-bispo-de-aracuai-sofre-acidente-proximo-a-turmalina-no-vale-do-jequitinhonha","tag-dom-marcello-romano","tag-marcello-romano","tag-turmalina"],"_links":{"self":[{"href":"https:\/\/aconteceunovale.com.br\/portal\/index.php?rest_route=\/wp\/v2\/posts\/36135","targetHints":{"allow":["GET"]}}],"collection":[{"href":"https:\/\/aconteceunovale.com.br\/portal\/index.php?rest_route=\/wp\/v2\/posts"}],"about":[{"href":"https:\/\/aconteceunovale.com.br\/portal\/index.php?rest_route=\/wp\/v2\/types\/post"}],"author":[{"embeddable":true,"href":"https:\/\/aconteceunovale.com.br\/portal\/index.php?rest_route=\/wp\/v2\/users\/1"}],"replies":[{"embeddable":true,"href":"https:\/\/aconteceunovale.com.br\/portal\/index.php?rest_route=%2Fwp%2Fv2%2Fcomments&post=36135"}],"version-history":[{"count":0,"href":"https:\/\/aconteceunovale.com.br\/portal\/index.php?rest_route=\/wp\/v2\/posts\/36135\/revisions"}],"wp:featuredmedia":[{"embeddable":true,"href":"https:\/\/aconteceunovale.com.br\/portal\/index.php?rest_route=\/wp\/v2\/media\/36136"}],"wp:attachment":[{"href":"https:\/\/aconteceunovale.com.br\/portal\/index.php?rest_route=%2Fwp%2Fv2%2Fmedia&parent=36135"}],"wp:term":[{"taxonomy":"category","embeddable":true,"href":"https:\/\/aconteceunovale.com.br\/portal\/index.php?rest_route=%2Fwp%2Fv2%2Fcategories&post=36135"},{"taxonomy":"post_tag","embeddable":true,"href":"https:\/\/aconteceunovale.com.br\/portal\/index.php?rest_route=%2Fwp%2Fv2%2Ftags&post=36135"}],"curies":[{"name":"wp","href":"https:\/\/api.w.org\/{rel}","templated":true}]}}