{"id":36129,"date":"2014-07-29T19:29:25","date_gmt":"2014-07-29T22:29:25","guid":{"rendered":"http:\/\/aconteceunovale.com.br\/portal\/?p=36129"},"modified":"2014-07-29T19:32:31","modified_gmt":"2014-07-29T22:32:31","slug":"policia-apresenta-mulher-que-matou-o-proprio-filho-e-escondeu-dentro-de-um-sofa","status":"publish","type":"post","link":"https:\/\/aconteceunovale.com.br\/portal\/?p=36129","title":{"rendered":"Pol\u00edcia apresenta mulher que matou o pr\u00f3prio filho e escondeu o corpo dentro de um sof\u00e1"},"content":{"rendered":"<p>\u201cA todo momento que ela chorou, as l\u00e1grimas eram pelo que iria pagar e n\u00e3o pela perda do filho.&#8221; Foi assim que o delegado Davi Batista, da 9\u00aa Delegacia de Homic\u00eddios de Ibirit\u00e9, definiu os sentimentos de Mar\u00edlia Cristiane Gomes, de 19 anos, que confessou ter assassinado o filho Keven Gomes Sobral, de 2, e escondido o corpo em um sof\u00e1. Na tarde desta ter\u00e7a-feira, a mulher foi apresentada e afirmou que n\u00e3o tinha a inten\u00e7\u00e3o de matar o filho e se disse arrependida. Ela vai responder por oculta\u00e7\u00e3o de cad\u00e1ver e homic\u00eddio. <\/p>\n<p>Durante a apresenta\u00e7\u00e3o, o delegado contou o passo a passo de como aconteceu o crime, cuja  motiva\u00e7\u00e3o foi por motivo f\u00fatil. Conforme Batista, a morte aconteceu na \u00faltima quinta-feira. Neste dia, Mar\u00edlia chamou a pol\u00edcia, dizendo que o filho havia desaparecido de casa. Ela contou que estava lavando roupas enquanto o menino dormia e criou uma hist\u00f3ria de que ele havia sumido. <\/p>\n<p><img decoding=\"async\" src=\"http:\/\/aconteceunovale.com.br\/portal\/wp-content\/uploads\/2014\/07\/monstra_ibirite_1.jpg\" alt=\"\" \/><strong><em>Policia Civil faz coletiva para esclarecer caso e apresentar acusada de matar filho de apenas dois anos e oculta-la dentro de um sofa &#8211; Foto: Lincon Zarbietti\/O Tempo<\/em><\/strong><br \/>\n<\/br><\/p>\n<p>No dia seguinte, o Corpo de Bombeiros foi acionado e fez buscas pelo garoto. Alguns militares arrombaram a casa onde Keven foi encontrado, mas o corpo n\u00e3o foi encontrado. No domingo, o corpo foi encontrado depois que a tia da crian\u00e7a, Lucimeire de Souza Antunes, de 21, chegou em casa e notou um cheiro forte vindo do sof\u00e1. Ela chamou o pai do menino, que encontrou o corpo.<\/p>\n<p>A equipe da Delegacia de Homic\u00eddios da cidade assumiu o crime na segunda-feira. Os investigadores foram at\u00e9 o Instituto M\u00e9dico Legal (IML) de Betim, onde o corpo foi levado, e come\u00e7aram a estranhar a atitude da m\u00e3e. \u201cN\u00f3s nos deparamos com ela conversando com uma assistente social tentando a libera\u00e7\u00e3o do corpo. O que nos chamou a aten\u00e7\u00e3o foi o jeito dela. Parecia tranquila e sem mostrar nenhum sentimento pela morte da crian\u00e7a\u201d, explica o delegado Davi Batista.<br \/>\nMar\u00edlia foi chamada para a delegacia para prestar depoimento. Segundo o delegado, j\u00e1 entrou no local como suspeita e n\u00e3o como testemunha. Em suas oitivas, apresentou v\u00e1rias contradi\u00e7\u00f5es, e, conforme as investiga\u00e7\u00f5es, tirava de si a responsabilidade. \u201cO tempo todo tentava se desvencilhar da culpa. Para se proteger jogou a culpa para outros parentes e pessoas e at\u00e9 para o marido\u201d, afirma o delegado. <\/p>\n<p>Ao notar que a pol\u00edcia j\u00e1 suspeitava de seus depoimentos, a mulher acabou confessando. De acordo com Batista, o pai da crian\u00e7a, ao ouvir a crueldade da mulher, passou mal e teve de ser amparado por investigadores. <\/p>\n<h4><strong>Nervosismo por causa do celular <\/strong><\/h4>\n<p>Bastante fria e sem mostrar arrependimento, Mar\u00edlia contou detalhes de como aconteceu o crime. \u201cEla diz que o menino estava dormindo e quando se levantou mexeu no celular. O aparelho caiu e o garoto deu um tapa na m\u00e3o dela quando foi pegar o telefone\u201d, conta o delegado. Foi nesta hora que Mar\u00edlia perdeu a cabe\u00e7a e cometeu o crime. \u201cNervosa, conta que pegou as duas m\u00e3os da crian\u00e7a e a arremessou com for\u00e7a na cama do casal. O menino bateu a cabe\u00e7a na parede e desmaiou.&#8221; <\/p>\n<p><img decoding=\"async\" src=\"http:\/\/aconteceunovale.com.br\/portal\/wp-content\/uploads\/2014\/07\/monstra_ibirite_1.jpeg\" alt=\"\" \/><strong><em>Policia Civil faz coletiva para esclarecer caso e apresentar acusada de matar filho de apenas dois anos e oculta-la dentro de um sofa &#8211; Foto: Lincon Zarbietti\/O Tempo<\/em><\/strong><br \/>\n<\/br><\/p>\n<p>Durante o depoimento, a mulher contou que o garoto come\u00e7ou a mudar de cor e notou uma espuma branca na boca dele. Como ficou com medo de ser linchada e presa, n\u00e3o contou para ningu\u00e9m sobre o caso. Para tentar se livrar da crian\u00e7a, pegou-a no colo e a levou at\u00e9 a casa vizinha, que pertence aos cunhados. L\u00e1, pegou um len\u00e7ol, enrolou o corpo e tirou o forro do sof\u00e1. Depois de colocar o menino na madeira, voltou a colar o forro do m\u00f3vel. <\/p>\n<h4><strong>Arrependimento <\/strong><\/h4>\n<p>Durante a apresenta\u00e7\u00e3o, Mar\u00edlia mostrou um semblante triste, mas em nenhum momento derramou uma l\u00e1grima. Ao ser questionada, se mostrou arrependida. \u201cQuero pagar pelo crime. Estou sofrendo muito. N\u00e3o chamei a pol\u00edcia porque estava com medo de ser presa. N\u00e3o tinha inten\u00e7\u00e3o nenhuma de matar meu filho. Queria que algu\u00e9m encontrasse o corpo, por isso chamei o Corpo de Bombeiros\u201d, disse.<\/p>\n<p>De acordo com o delegado, a mulher vai responder por oculta\u00e7\u00e3o de cad\u00e1ver e homic\u00eddio. Ela foi presa em flagrante pelo crime e a pris\u00e3o j\u00e1 foi convertida pela Justi\u00e7a para preventiva.<\/p>\n<p><strong>(Estado de Minas)<\/strong><\/p>\n","protected":false},"excerpt":{"rendered":"<p>\u201cA todo momento que ela chorou, as l\u00e1grimas eram pelo que iria pagar e n\u00e3o pela perda do filho.&#8221; Foi assim que o delegado Davi Batista, da 9\u00aa Delegacia de Homic\u00eddios de Ibirit\u00e9, definiu os sentimentos de Mar\u00edlia Cristiane Gomes, de 19 anos, que confessou ter assassinado o filho Keven Gomes Sobral, de 2, e [&hellip;]<\/p>\n","protected":false},"author":1,"featured_media":36130,"comment_status":"open","ping_status":"closed","sticky":false,"template":"","format":"standard","meta":{"amp_status":"","footnotes":""},"categories":[123],"tags":[1018,1494,12651,12653,12759,12760,12762,12761],"class_list":["post-36129","post","type-post","status-publish","format-standard","has-post-thumbnail","hentry","category-gerais","tag-destaque","tag-ibirite","tag-keven-gomes-sobral","tag-marilia-cristiane-gomes","tag-policia-apresenta-mulher-que-matou-o-proprio-filho-e-escondeu-dentro-de-um-sofa","tag-policia-apresenta-mulher-que-matou-o-proprio-filho-e-escondeu-dentro-de-um-sofa-em-ibirite","tag-policia-apresenta-mulher-que-matou-o-proprio-filho-e-escondeu-o-corpo-dentro-de-um-sofa","tag-policia-civil-faz-coletiva-para-esclarecer-caso-e-apresentar-acusada-de-matar-filho-de-apenas-dois-anos-e-oculta-la-dentro-de-um-sofa"],"_links":{"self":[{"href":"https:\/\/aconteceunovale.com.br\/portal\/index.php?rest_route=\/wp\/v2\/posts\/36129","targetHints":{"allow":["GET"]}}],"collection":[{"href":"https:\/\/aconteceunovale.com.br\/portal\/index.php?rest_route=\/wp\/v2\/posts"}],"about":[{"href":"https:\/\/aconteceunovale.com.br\/portal\/index.php?rest_route=\/wp\/v2\/types\/post"}],"author":[{"embeddable":true,"href":"https:\/\/aconteceunovale.com.br\/portal\/index.php?rest_route=\/wp\/v2\/users\/1"}],"replies":[{"embeddable":true,"href":"https:\/\/aconteceunovale.com.br\/portal\/index.php?rest_route=%2Fwp%2Fv2%2Fcomments&post=36129"}],"version-history":[{"count":0,"href":"https:\/\/aconteceunovale.com.br\/portal\/index.php?rest_route=\/wp\/v2\/posts\/36129\/revisions"}],"wp:featuredmedia":[{"embeddable":true,"href":"https:\/\/aconteceunovale.com.br\/portal\/index.php?rest_route=\/wp\/v2\/media\/36130"}],"wp:attachment":[{"href":"https:\/\/aconteceunovale.com.br\/portal\/index.php?rest_route=%2Fwp%2Fv2%2Fmedia&parent=36129"}],"wp:term":[{"taxonomy":"category","embeddable":true,"href":"https:\/\/aconteceunovale.com.br\/portal\/index.php?rest_route=%2Fwp%2Fv2%2Fcategories&post=36129"},{"taxonomy":"post_tag","embeddable":true,"href":"https:\/\/aconteceunovale.com.br\/portal\/index.php?rest_route=%2Fwp%2Fv2%2Ftags&post=36129"}],"curies":[{"name":"wp","href":"https:\/\/api.w.org\/{rel}","templated":true}]}}