{"id":36105,"date":"2014-07-29T15:50:59","date_gmt":"2014-07-29T18:50:59","guid":{"rendered":"http:\/\/aconteceunovale.com.br\/portal\/?p=36105"},"modified":"2014-07-29T15:50:59","modified_gmt":"2014-07-29T18:50:59","slug":"policia-militar-impede-acao-de-ladroes-em-estabelecimento-comercial-de-novo-cruzeiro","status":"publish","type":"post","link":"https:\/\/aconteceunovale.com.br\/portal\/?p=36105","title":{"rendered":"Pol\u00edcia Militar impede a\u00e7\u00e3o de ladr\u00f5es em estabelecimento comercial de Novo Cruzeiro"},"content":{"rendered":"<p>Uma a\u00e7\u00e3o r\u00e1pida da Pol\u00edcia Militar frustrou a a\u00e7\u00e3o de dois ladr\u00f5es na noite desta segunda-feira, 28 de julho, em um estabelecimento comercial na regi\u00e3o Central de Novo Cruzeiro, no Vale do Jequitinhonha.<\/p>\n<p>Os indiv\u00edduos foram flagrados por um morador que acionou a Pol\u00edcia Militar via 190 e informou a a\u00e7\u00e3o suspeita. Uma guarni\u00e7\u00e3o policial foi deslocada at\u00e9 o local, cercou a \u00e1rea e solicitou a sa\u00edda dos autores. A ordem foi negada, sendo necess\u00e1rio o rompimento da porta da frente para entrada dos militares.<\/p>\n<p>Durante a a\u00e7\u00e3o policial, os suspeitos tentaram fugir pelo forro e um deles atirou um peda\u00e7o de madeira em dire\u00e7\u00e3o a um soldado, provocando um ferimento em seu bra\u00e7o direito.<\/p>\n<p>Os autores Marcos, vulgo &#8220;Marquinhos&#8221;, e Fran\u00e7ois foram presos em flagrante e encaminhados para a Delegacia de Pol\u00edcia Civil em Te\u00f3filo Otoni para demais provid\u00eancias. O soldado ferido foi encaminhado para atendimento m\u00e9dico no Hospital S\u00e3o Bento e passa bem.<\/p>\n<p><img decoding=\"async\" src=\"http:\/\/aconteceunovale.com.br\/portal\/wp-content\/uploads\/2014\/07\/ladroes_impedidos_nc.jpg\" alt=\"\" \/><em>(Os autores foram presos e encaminhados para a Depol em Te\u00f3filo Otoni &#8211; Foto: Divulga\u00e7\u00e3o\/PM)<\/em><\/p>\n","protected":false},"excerpt":{"rendered":"<p>Uma a\u00e7\u00e3o r\u00e1pida da Pol\u00edcia Militar frustrou a a\u00e7\u00e3o de dois ladr\u00f5es na noite desta segunda-feira, 28 de julho, em um estabelecimento comercial na regi\u00e3o Central de Novo Cruzeiro, no Vale do Jequitinhonha. Os indiv\u00edduos foram flagrados por um morador que acionou a Pol\u00edcia Militar via 190 e informou a a\u00e7\u00e3o suspeita. Uma guarni\u00e7\u00e3o policial [&hellip;]<\/p>\n","protected":false},"author":1,"featured_media":36106,"comment_status":"open","ping_status":"closed","sticky":false,"template":"","format":"standard","meta":{"amp_status":"","footnotes":""},"categories":[120],"tags":[175,12730],"class_list":["post-36105","post","type-post","status-publish","format-standard","has-post-thumbnail","hentry","category-jequi","tag-novo-cruzeiro","tag-policia-militar-impede-acao-de-ladroes-em-estabelecimento-comercial-de-novo-cruzeiro"],"_links":{"self":[{"href":"https:\/\/aconteceunovale.com.br\/portal\/index.php?rest_route=\/wp\/v2\/posts\/36105","targetHints":{"allow":["GET"]}}],"collection":[{"href":"https:\/\/aconteceunovale.com.br\/portal\/index.php?rest_route=\/wp\/v2\/posts"}],"about":[{"href":"https:\/\/aconteceunovale.com.br\/portal\/index.php?rest_route=\/wp\/v2\/types\/post"}],"author":[{"embeddable":true,"href":"https:\/\/aconteceunovale.com.br\/portal\/index.php?rest_route=\/wp\/v2\/users\/1"}],"replies":[{"embeddable":true,"href":"https:\/\/aconteceunovale.com.br\/portal\/index.php?rest_route=%2Fwp%2Fv2%2Fcomments&post=36105"}],"version-history":[{"count":0,"href":"https:\/\/aconteceunovale.com.br\/portal\/index.php?rest_route=\/wp\/v2\/posts\/36105\/revisions"}],"wp:featuredmedia":[{"embeddable":true,"href":"https:\/\/aconteceunovale.com.br\/portal\/index.php?rest_route=\/wp\/v2\/media\/36106"}],"wp:attachment":[{"href":"https:\/\/aconteceunovale.com.br\/portal\/index.php?rest_route=%2Fwp%2Fv2%2Fmedia&parent=36105"}],"wp:term":[{"taxonomy":"category","embeddable":true,"href":"https:\/\/aconteceunovale.com.br\/portal\/index.php?rest_route=%2Fwp%2Fv2%2Fcategories&post=36105"},{"taxonomy":"post_tag","embeddable":true,"href":"https:\/\/aconteceunovale.com.br\/portal\/index.php?rest_route=%2Fwp%2Fv2%2Ftags&post=36105"}],"curies":[{"name":"wp","href":"https:\/\/api.w.org\/{rel}","templated":true}]}}