{"id":36040,"date":"2014-07-28T17:03:55","date_gmt":"2014-07-28T20:03:55","guid":{"rendered":"http:\/\/aconteceunovale.com.br\/portal\/?p=36040"},"modified":"2014-07-28T17:05:24","modified_gmt":"2014-07-28T20:05:24","slug":"acidente-entre-carro-e-caminhao-deixa-uma-vitima-fatal-na-br-381-em-governador-valadares","status":"publish","type":"post","link":"https:\/\/aconteceunovale.com.br\/portal\/?p=36040","title":{"rendered":"Acidente entre carro e caminh\u00e3o deixa uma v\u00edtima fatal na BR-381, em Governador Valadares"},"content":{"rendered":"<h4><em><strong>Carro bateu de frente com caminh\u00e3o, que seguia na dire\u00e7\u00e3o contr\u00e1ria. Bombeiros tiveram dificuldades para retirar a v\u00edtima das ferragens.<\/strong><\/em><\/h4>\n<p>Um homem morreu em um acidente envolvendo um carro e um caminh\u00e3o na manh\u00e3 desta segunda-feira, 28 de julho, na BR-381, pr\u00f3ximo a entrada a Baguari, distrito de Governador Valadares\/MG. <\/p>\n<p>Segundo informa\u00e7\u00f5es da Pol\u00edcia Rodovi\u00e1ria Federal, o ve\u00edculo Corsa Classic, placas MRM-0337, de Governador Valadares, bateu de frente com o caminh\u00e3o, que seguia na dire\u00e7\u00e3o contr\u00e1ria, carregado de canos.<\/p>\n<p><img decoding=\"async\" src=\"http:\/\/aconteceunovale.com.br\/portal\/wp-content\/uploads\/2014\/07\/acidente_381_valadares_28_7_11.jpg\" alt=\"\" \/><em>(Condutor do ve\u00edculo de passeio morreu no local &#8211; Foto: P\u00e1gina GV Alerta \/ Facebook)<\/em><br \/>\n<\/br><\/p>\n<p>Ainda de acordo com a PRF, a batida teria ocorrido na entrada de uma curva, mas os dois ve\u00edculos foram parar a 50 metros depois do acidente. O condutor do caminh\u00e3o, Helv\u00e9cio Oliveira, disse que n\u00e3o conseguiu evitar a batida. <\/p>\n<p>\u201cPelo que eu pude ver, o motorista do carro dormiu ao volante e invadiu a pista contr\u00e1ria. N\u00e3o consegui evitar o acidente, quando eu assustei o caminh\u00e3o j\u00e1 estava em cima do carro\u201d, conta o motorista.<\/p>\n<p>O carro de passeio ficou preso ao caminh\u00e3o. O Corpo de Bombeiros teve dificuldades para retirar a v\u00edtima das ferragens. O condutor Jorge M\u00e1rio de Souza, de 34 anos, que saiu de Governador Valadares, com sentido a Ipatinga, morreu na hora.<\/p>\n<p>Ainda de acordo com a PRF, no momento da batida n\u00e3o chovia no local, mas a pista estava molhada. A BR-381 ficou interditada nos dois sentidos por mais de tr\u00eas horas, formando um congestionamento de mais de dez quil\u00f4metros. O tr\u00e2nsito no local j\u00e1 foi liberado.<\/p>\n<p><img decoding=\"async\" src=\"http:\/\/aconteceunovale.com.br\/portal\/wp-content\/uploads\/2014\/07\/acidente_381_valadares_28_7_2.jpg\" alt=\"\" \/><em>(Bombeiros tiveram dificuldade para retirar o corpo das ferragens &#8211; Foto: P\u00e1gina GV Alerta \/ Facebook)<\/em><br \/>\n<\/br><\/p>\n<p><strong>(Inter TV dos Vales)<\/strong><\/p>\n","protected":false},"excerpt":{"rendered":"<p>Carro bateu de frente com caminh\u00e3o, que seguia na dire\u00e7\u00e3o contr\u00e1ria. Bombeiros tiveram dificuldades para retirar a v\u00edtima das ferragens. Um homem morreu em um acidente envolvendo um carro e um caminh\u00e3o na manh\u00e3 desta segunda-feira, 28 de julho, na BR-381, pr\u00f3ximo a entrada a Baguari, distrito de Governador Valadares\/MG. Segundo informa\u00e7\u00f5es da Pol\u00edcia Rodovi\u00e1ria [&hellip;]<\/p>\n","protected":false},"author":1,"featured_media":36042,"comment_status":"open","ping_status":"closed","sticky":false,"template":"","format":"standard","meta":{"amp_status":"","footnotes":""},"categories":[121],"tags":[12667,12666,1018,247,12668,201,12665],"class_list":["post-36040","post","type-post","status-publish","format-standard","has-post-thumbnail","hentry","category-leste","tag-acidente-em-governador-valadares","tag-acidente-perto-de-baguari","tag-destaque","tag-governador-valadares","tag-helvecio-oliveira","tag-ipatinga","tag-jorge-mario-de-souza"],"_links":{"self":[{"href":"https:\/\/aconteceunovale.com.br\/portal\/index.php?rest_route=\/wp\/v2\/posts\/36040","targetHints":{"allow":["GET"]}}],"collection":[{"href":"https:\/\/aconteceunovale.com.br\/portal\/index.php?rest_route=\/wp\/v2\/posts"}],"about":[{"href":"https:\/\/aconteceunovale.com.br\/portal\/index.php?rest_route=\/wp\/v2\/types\/post"}],"author":[{"embeddable":true,"href":"https:\/\/aconteceunovale.com.br\/portal\/index.php?rest_route=\/wp\/v2\/users\/1"}],"replies":[{"embeddable":true,"href":"https:\/\/aconteceunovale.com.br\/portal\/index.php?rest_route=%2Fwp%2Fv2%2Fcomments&post=36040"}],"version-history":[{"count":0,"href":"https:\/\/aconteceunovale.com.br\/portal\/index.php?rest_route=\/wp\/v2\/posts\/36040\/revisions"}],"wp:featuredmedia":[{"embeddable":true,"href":"https:\/\/aconteceunovale.com.br\/portal\/index.php?rest_route=\/wp\/v2\/media\/36042"}],"wp:attachment":[{"href":"https:\/\/aconteceunovale.com.br\/portal\/index.php?rest_route=%2Fwp%2Fv2%2Fmedia&parent=36040"}],"wp:term":[{"taxonomy":"category","embeddable":true,"href":"https:\/\/aconteceunovale.com.br\/portal\/index.php?rest_route=%2Fwp%2Fv2%2Fcategories&post=36040"},{"taxonomy":"post_tag","embeddable":true,"href":"https:\/\/aconteceunovale.com.br\/portal\/index.php?rest_route=%2Fwp%2Fv2%2Ftags&post=36040"}],"curies":[{"name":"wp","href":"https:\/\/api.w.org\/{rel}","templated":true}]}}