{"id":36034,"date":"2014-07-28T16:30:58","date_gmt":"2014-07-28T19:30:58","guid":{"rendered":"http:\/\/aconteceunovale.com.br\/portal\/?p=36034"},"modified":"2014-07-28T16:30:58","modified_gmt":"2014-07-28T19:30:58","slug":"morador-de-lajinha-que-desaparecido-desde-fevereiro-e-encontrado-em-santa-barbara","status":"publish","type":"post","link":"https:\/\/aconteceunovale.com.br\/portal\/?p=36034","title":{"rendered":"Morador de Lajinha que desaparecido desde fevereiro \u00e9 encontrado em Santa B\u00e1rbara"},"content":{"rendered":"<h4><em><strong>Fabr\u00edcio Heringer, 37 anos, sofre de esquizofrenia e \u00e9 morador de Lajinha, em Minas Gerais, cidade de onde sumiu<\/strong><\/em><\/h4>\n<p>Um homem que estava desaparecido desde fevereiro deste ano foi encontrado pela Pol\u00edcia Militar em Santa B\u00e1rbara nesse domingo, 27 de julho. Fabr\u00edcio Heringer, 37 anos, sofre de esquizofrenia e \u00e9 morador de Lajinha, em Minas Gerais, cidade de onde sumiu.<\/p>\n<p>Fabr\u00edcio foi visto pelos militares na Rua Levi Ferreira Martins, no bairro Santa M\u00f4nica. O homem estava sentado na cal\u00e7ada, muito sujo e com apar\u00eancia de abandonado. Apesar da confus\u00e3o mental, ele conseguiu falar o endere\u00e7o da fam\u00edlia.<\/p>\n<p><img decoding=\"async\" src=\"http:\/\/aconteceunovale.com.br\/portal\/wp-content\/uploads\/2014\/07\/homem_lajinha_desaparecido.jpg\" alt=\"\" \/><em>Fabr\u00edcio antes de desaparecer e depois de ser encontrado \u2013 Foto: Divulga\u00e7\u00e3o<\/em><br \/>\n<\/br><\/p>\n<p>Os policiais entraram em contato com a PM de Lajinha, que foi at\u00e9 o endere\u00e7o citado por Fabr\u00edcio. Os militares de l\u00e1 confirmaram a hist\u00f3ria com a irm\u00e3 do homem, Sheila Heringer. Ela disse que o irm\u00e3o saiu de casa h\u00e1 cinco meses e nunca mais tiveram not\u00edcia do paradeiro dele.<\/p>\n<p>Sheila, ent\u00e3o, fez contato com a PM de Santa B\u00e1rbara e informou que a fam\u00edlia iria se deslocar para busca-lo. Fabr\u00edcio foi levado pelos militares \u00e0 Santa Casa Nossa Senhora das Merc\u00eas e depois recebeu um lanche para aguardar a irm\u00e3. Os parentes do homem chegaram a Santa B\u00e1rbara na madrugada desta segunda-feira, 28, e o reencontro foi emocionante.<\/p>\n<p>A irm\u00e3 disse que desde o desaparecimento de Fabr\u00edcio a fam\u00edlia procura por ele desesperadamente. Segundo ela, a m\u00e3e chorava todos os dias por causa do sumi\u00e7o do filho. O homem \u00e9 filho de militar j\u00e1 falecido h\u00e1 dois anos. (DeFato Online)<\/p>\n","protected":false},"excerpt":{"rendered":"<p>Fabr\u00edcio Heringer, 37 anos, sofre de esquizofrenia e \u00e9 morador de Lajinha, em Minas Gerais, cidade de onde sumiu Um homem que estava desaparecido desde fevereiro deste ano foi encontrado pela Pol\u00edcia Militar em Santa B\u00e1rbara nesse domingo, 27 de julho. Fabr\u00edcio Heringer, 37 anos, sofre de esquizofrenia e \u00e9 morador de Lajinha, em Minas [&hellip;]<\/p>\n","protected":false},"author":1,"featured_media":36035,"comment_status":"open","ping_status":"closed","sticky":false,"template":"","format":"standard","meta":{"amp_status":"","footnotes":""},"categories":[123],"tags":[1018,12659,8472,12660,3693],"class_list":["post-36034","post","type-post","status-publish","format-standard","has-post-thumbnail","hentry","category-gerais","tag-destaque","tag-fabricio-heringer","tag-lajinha","tag-morador-de-lajinha-que-desaparecido-desde-fevereiro-e-encontrado-em-santa-barbara","tag-santa-barbara"],"_links":{"self":[{"href":"https:\/\/aconteceunovale.com.br\/portal\/index.php?rest_route=\/wp\/v2\/posts\/36034","targetHints":{"allow":["GET"]}}],"collection":[{"href":"https:\/\/aconteceunovale.com.br\/portal\/index.php?rest_route=\/wp\/v2\/posts"}],"about":[{"href":"https:\/\/aconteceunovale.com.br\/portal\/index.php?rest_route=\/wp\/v2\/types\/post"}],"author":[{"embeddable":true,"href":"https:\/\/aconteceunovale.com.br\/portal\/index.php?rest_route=\/wp\/v2\/users\/1"}],"replies":[{"embeddable":true,"href":"https:\/\/aconteceunovale.com.br\/portal\/index.php?rest_route=%2Fwp%2Fv2%2Fcomments&post=36034"}],"version-history":[{"count":0,"href":"https:\/\/aconteceunovale.com.br\/portal\/index.php?rest_route=\/wp\/v2\/posts\/36034\/revisions"}],"wp:featuredmedia":[{"embeddable":true,"href":"https:\/\/aconteceunovale.com.br\/portal\/index.php?rest_route=\/wp\/v2\/media\/36035"}],"wp:attachment":[{"href":"https:\/\/aconteceunovale.com.br\/portal\/index.php?rest_route=%2Fwp%2Fv2%2Fmedia&parent=36034"}],"wp:term":[{"taxonomy":"category","embeddable":true,"href":"https:\/\/aconteceunovale.com.br\/portal\/index.php?rest_route=%2Fwp%2Fv2%2Fcategories&post=36034"},{"taxonomy":"post_tag","embeddable":true,"href":"https:\/\/aconteceunovale.com.br\/portal\/index.php?rest_route=%2Fwp%2Fv2%2Ftags&post=36034"}],"curies":[{"name":"wp","href":"https:\/\/api.w.org\/{rel}","templated":true}]}}