{"id":35994,"date":"2014-07-27T18:02:03","date_gmt":"2014-07-27T21:02:03","guid":{"rendered":"http:\/\/aconteceunovale.com.br\/portal\/?p=35994"},"modified":"2014-07-28T10:41:07","modified_gmt":"2014-07-28T13:41:07","slug":"acidente-deixa-uma-vitima-fatal-e-duas-feridas-na-mg-308-entre-capelinha-e-turmalina","status":"publish","type":"post","link":"https:\/\/aconteceunovale.com.br\/portal\/?p=35994","title":{"rendered":"Acidente deixa uma v\u00edtima fatal e duas feridas na MG-308, entre Capelinha e Turmalina"},"content":{"rendered":"<p>Uma pessoa morreu e duas ficaram feridas em um acidente por volta das tr\u00eas horas da tarde deste domingo, 27 de julho, na MG-308, pr\u00f3ximo \u00e0 entrada do povoado do Gentio, entre o distrito de Vendinhas e Turmalina, no Vale do Jequitinhonha.<\/p>\n<p>De acordo com informa\u00e7\u00f5es, o condutor do ve\u00edculo VW Gol, de cor verde, placa GVI-2636 de Capelinha\/MG, teria perdido o controle da dire\u00e7\u00e3o ap\u00f3s um dos pneus estourar. O carro capotou v\u00e1rias vezes e parou \u00e0s margens da rodovia com os pneus para cima.<\/p>\n<p><img decoding=\"async\" src=\"http:\/\/aconteceunovale.com.br\/portal\/wp-content\/uploads\/2014\/07\/acidente_vendinhas_27_7_1.jpg\" alt=\"\" \/><em>(Foto enviada para o WhatsApp do Aconteceu no Vale &#8211; (33) 8868-6512 &#8211; pela internauta Eliane Fernandes)<\/em><br \/>\n<\/br><\/p>\n<p>Com o impacto do acidente, o passageiro que estava no banco da frente, Jos\u00e9 Rodrigues de Azevedo, n\u00e3o resistiu aos ferimentos e morreu preso \u00e0s ferragens. <\/p>\n<p>Outra duas pessoas ficaram feridas. O motorista Jonas Torquato Chaves e o passageiro, que estava atr\u00e1s, Daniel Rodrigues de Souza foram socorridos pelo Servi\u00e7o de Atendimento M\u00f3vel de Urg\u00eancia (SAMU) e encaminhados para a Funda\u00e7\u00e3o Hospitalar S\u00e3o Vicente de Paulo, em Capelinha. De acordo com a unidade de sa\u00fade, os dois foram medicados e passam bem.<\/p>\n<p>De acordo com um amigo das v\u00edtimas, eles estavam indo para uma festa no povoado do Z\u00e9 Silva, na zona rural de Turmalina.<\/p>\n<p><img decoding=\"async\" src=\"http:\/\/aconteceunovale.com.br\/portal\/wp-content\/uploads\/2014\/07\/acidente_cap_tur_vendinas_1.jpg\" alt=\"\" \/><em>(Foto enviada para o WhatsApp do Aconteceu no Vale &#8211; (33) 8868-6512 &#8211; pela internauta Eliane Fernandes)<\/em><\/p>\n","protected":false},"excerpt":{"rendered":"<p>Uma pessoa morreu e duas ficaram feridas em um acidente por volta das tr\u00eas horas da tarde deste domingo, 27 de julho, na MG-308, pr\u00f3ximo \u00e0 entrada do povoado do Gentio, entre o distrito de Vendinhas e Turmalina, no Vale do Jequitinhonha. De acordo com informa\u00e7\u00f5es, o condutor do ve\u00edculo VW Gol, de cor verde, [&hellip;]<\/p>\n","protected":false},"author":1,"featured_media":35995,"comment_status":"open","ping_status":"closed","sticky":false,"template":"","format":"standard","meta":{"amp_status":"","footnotes":""},"categories":[120],"tags":[12615,12612,12608,12617,12618,12602,12603,132,12614,1018,12613,12609,12604,12610,12605,12607,12616,12611,12606,178],"class_list":["post-35994","post","type-post","status-publish","format-standard","has-post-thumbnail","hentry","category-jequi","tag-acidente-com-daniel-rodrigues-de-souza","tag-acidente-com-gol-de-capelinha","tag-acidente-com-jonas-torquato-chaves","tag-acidente-com-jose-rodrigues-de-azevedo","tag-acidente-com-zezinho-da-portaria-do-cascata","tag-acidente-deixa-uma-vitima-fatal-e-duas-feridas-na-mg-308-entre-capelinha-e-turmalina","tag-acidente-perto-de-vendinhas","tag-capelinha","tag-daniel-rodrigues-de-souza","tag-destaque","tag-fotos-do-acidente-com-gol-de-capelinha","tag-fotos-do-acidente-com-jonas-torquato-chaves","tag-fotos-do-acidente-perto-de-vendinhas","tag-informacoes-do-acidente-com-jonas-torquato-chaves","tag-informacoes-do-acidente-perto-de-vendinhas","tag-jonas-torquato-chaves","tag-jose-rodrigues-de-azevedo","tag-noticia-do-acidente-com-jonas-torquato-chaves","tag-noticia-do-acidente-perto-de-vendinhas","tag-turmalina"],"_links":{"self":[{"href":"https:\/\/aconteceunovale.com.br\/portal\/index.php?rest_route=\/wp\/v2\/posts\/35994","targetHints":{"allow":["GET"]}}],"collection":[{"href":"https:\/\/aconteceunovale.com.br\/portal\/index.php?rest_route=\/wp\/v2\/posts"}],"about":[{"href":"https:\/\/aconteceunovale.com.br\/portal\/index.php?rest_route=\/wp\/v2\/types\/post"}],"author":[{"embeddable":true,"href":"https:\/\/aconteceunovale.com.br\/portal\/index.php?rest_route=\/wp\/v2\/users\/1"}],"replies":[{"embeddable":true,"href":"https:\/\/aconteceunovale.com.br\/portal\/index.php?rest_route=%2Fwp%2Fv2%2Fcomments&post=35994"}],"version-history":[{"count":0,"href":"https:\/\/aconteceunovale.com.br\/portal\/index.php?rest_route=\/wp\/v2\/posts\/35994\/revisions"}],"wp:featuredmedia":[{"embeddable":true,"href":"https:\/\/aconteceunovale.com.br\/portal\/index.php?rest_route=\/wp\/v2\/media\/35995"}],"wp:attachment":[{"href":"https:\/\/aconteceunovale.com.br\/portal\/index.php?rest_route=%2Fwp%2Fv2%2Fmedia&parent=35994"}],"wp:term":[{"taxonomy":"category","embeddable":true,"href":"https:\/\/aconteceunovale.com.br\/portal\/index.php?rest_route=%2Fwp%2Fv2%2Fcategories&post=35994"},{"taxonomy":"post_tag","embeddable":true,"href":"https:\/\/aconteceunovale.com.br\/portal\/index.php?rest_route=%2Fwp%2Fv2%2Ftags&post=35994"}],"curies":[{"name":"wp","href":"https:\/\/api.w.org\/{rel}","templated":true}]}}