{"id":35940,"date":"2014-07-27T11:02:02","date_gmt":"2014-07-27T14:02:02","guid":{"rendered":"http:\/\/aconteceunovale.com.br\/portal\/?p=35940"},"modified":"2014-07-27T15:17:25","modified_gmt":"2014-07-27T18:17:25","slug":"homem-morre-em-grave-acidente-entre-moto-e-carreta-em-capelinha","status":"publish","type":"post","link":"https:\/\/aconteceunovale.com.br\/portal\/?p=35940","title":{"rendered":"Homem morre em grave acidente entre moto e carreta em Capelinha"},"content":{"rendered":"<p>Um homem conhecido como \u201cSanto da Farinha\u201d morreu em um acidente por volta das sete horas da manh\u00e3 deste domingo, 27 de julho, na BR-120, sa\u00edda de Capelinha para \u00c1gua Boa, no Vale do Jequitinhonha.<\/p>\n<p>Segundo informa\u00e7\u00f5es, o condutor da motocicleta Honda CG 125 ES, cor azul, placa HAH-1290, de Capelinha\/MG, teria invadido a pista contr\u00e1ria e batido violentamente contra a carreta utilizada para transporte de carv\u00e3o vegetal. <\/p>\n<p><img decoding=\"async\" src=\"http:\/\/aconteceunovale.com.br\/portal\/wp-content\/uploads\/2014\/07\/suicidio_moto_capelinha_27_7_5.jpg\" alt=\"\" \/><em>(Foto: Enviada para o WhatsApp do Portal Aconteceu no Vale &#8211; (33) 8868-6512)<\/em><br \/>\n<\/br><\/p>\n<p>Ainda segundo informa\u00e7\u00f5es colhidas no local, a suspeita \u00e9 que a v\u00edtima tenha cometido o suic\u00eddio, j\u00e1 que teria retirado o capacete antes de bater na carreta.  Ao perceber que seria atingido pela motocicleta, o caminhoneiro chegou a parar a carreta, mas foi atingido na frontalmente pelo motociclista em alt\u00edssima velocidade.<\/p>\n<p>O motociclista teve morte instant\u00e2nea. A per\u00edcia t\u00e9cnica da Pol\u00edcia Civil foi acionada e ap\u00f3s os procedimentos de praxe, o corpo foi recolhido e encaminhado para o Instituto M\u00e9dico Legal para demais provid\u00eancias.<\/p>\n<h4><strong>Vel\u00f3rio e sepultamento<\/strong><\/h4>\n<p>O corpo de Santo Cordeiro de Melo est\u00e1 sendo velado na Funer\u00e1ria S\u00e3o Geraldo e ser\u00e1 sepultado no Cemit\u00e9rio de Capelinha em hor\u00e1rio a ser confirmado.<\/p>\n<p><img decoding=\"async\" src=\"http:\/\/aconteceunovale.com.br\/portal\/wp-content\/uploads\/2014\/07\/suicidio_moto_capelinha_27_7_1.jpg\" alt=\"\" \/><em>(Foto: Enviada para o WhatsApp do Portal Aconteceu no Vale &#8211; (33) 8868-6512)<\/em><br \/>\n<\/br><\/p>\n<p><img decoding=\"async\" src=\"http:\/\/aconteceunovale.com.br\/portal\/wp-content\/uploads\/2014\/07\/suicidio_moto_capelinha_27_7_2.jpg\" alt=\"\" \/><em>(Foto: Enviada para o WhatsApp do Portal Aconteceu no Vale &#8211; (33) 8868-6512)<\/em><br \/>\n<\/br><\/p>\n<p><img decoding=\"async\" src=\"http:\/\/aconteceunovale.com.br\/portal\/wp-content\/uploads\/2014\/07\/suicidio_moto_capelinha_27_7_3.jpg\" alt=\"\" \/><em>(Foto: Enviada para o WhatsApp do Portal Aconteceu no Vale &#8211; (33) 8868-6512)<\/em><br \/>\n<\/br><\/p>\n<p><img decoding=\"async\" src=\"http:\/\/aconteceunovale.com.br\/portal\/wp-content\/uploads\/2014\/07\/suicidio_moto_capelinha_27_7_4.jpg\" alt=\"\" \/><em>(Foto: Enviada para o WhatsApp do Portal Aconteceu no Vale &#8211; (33) 8868-6512)<\/em><br \/>\n<\/br><\/p>\n<p><img decoding=\"async\" src=\"http:\/\/aconteceunovale.com.br\/portal\/wp-content\/uploads\/2014\/07\/suicidio_moto_capelinha_27_7_6.jpg\" alt=\"\" \/><em>(Foto: Enviada para o WhatsApp do Portal Aconteceu no Vale &#8211; (33) 8868-6512)<\/em><\/p>\n","protected":false},"excerpt":{"rendered":"<p>Um homem conhecido como \u201cSanto da Farinha\u201d morreu em um acidente por volta das sete horas da manh\u00e3 deste domingo, 27 de julho, na BR-120, sa\u00edda de Capelinha para \u00c1gua Boa, no Vale do Jequitinhonha. Segundo informa\u00e7\u00f5es, o condutor da motocicleta Honda CG 125 ES, cor azul, placa HAH-1290, de Capelinha\/MG, teria invadido a pista [&hellip;]<\/p>\n","protected":false},"author":1,"featured_media":35945,"comment_status":"open","ping_status":"closed","sticky":false,"template":"","format":"standard","meta":{"amp_status":"","footnotes":""},"categories":[120],"tags":[12569,12594,12584,12564,12566,12565,132,1018,12585,12563,12586,12568,12587,12593,12583,12567],"class_list":["post-35940","post","type-post","status-publish","format-standard","has-post-thumbnail","hentry","category-jequi","tag-acidente-com-moto-titan-placa-hah-1290-em-capelinha","tag-acidente-com-santo-cordeiro-de-melo","tag-acidente-com-santo-da-farinha","tag-acidente-de-moto-na-saida-de-capelinha","tag-acidente-de-moto-perto-da-realcar","tag-acidente-de-moto-perto-do-posto-trevo","tag-capelinha","tag-destaque","tag-fotos-do-acidente-com-santo-da-farinha","tag-homem-morre-em-grave-acidente-entre-moto-e-carreta-em-capelinha","tag-informacoes-do-acidente-com-santo-da-farinha","tag-morte-de-motociclista-em-capelinha","tag-noticia-do-acidente-com-santo-da-farinha","tag-santo-cordeiro-de-melo","tag-santo-da-farinha","tag-suicidio-de-motociclista-em-capelinha"],"_links":{"self":[{"href":"https:\/\/aconteceunovale.com.br\/portal\/index.php?rest_route=\/wp\/v2\/posts\/35940","targetHints":{"allow":["GET"]}}],"collection":[{"href":"https:\/\/aconteceunovale.com.br\/portal\/index.php?rest_route=\/wp\/v2\/posts"}],"about":[{"href":"https:\/\/aconteceunovale.com.br\/portal\/index.php?rest_route=\/wp\/v2\/types\/post"}],"author":[{"embeddable":true,"href":"https:\/\/aconteceunovale.com.br\/portal\/index.php?rest_route=\/wp\/v2\/users\/1"}],"replies":[{"embeddable":true,"href":"https:\/\/aconteceunovale.com.br\/portal\/index.php?rest_route=%2Fwp%2Fv2%2Fcomments&post=35940"}],"version-history":[{"count":0,"href":"https:\/\/aconteceunovale.com.br\/portal\/index.php?rest_route=\/wp\/v2\/posts\/35940\/revisions"}],"wp:featuredmedia":[{"embeddable":true,"href":"https:\/\/aconteceunovale.com.br\/portal\/index.php?rest_route=\/wp\/v2\/media\/35945"}],"wp:attachment":[{"href":"https:\/\/aconteceunovale.com.br\/portal\/index.php?rest_route=%2Fwp%2Fv2%2Fmedia&parent=35940"}],"wp:term":[{"taxonomy":"category","embeddable":true,"href":"https:\/\/aconteceunovale.com.br\/portal\/index.php?rest_route=%2Fwp%2Fv2%2Fcategories&post=35940"},{"taxonomy":"post_tag","embeddable":true,"href":"https:\/\/aconteceunovale.com.br\/portal\/index.php?rest_route=%2Fwp%2Fv2%2Ftags&post=35940"}],"curies":[{"name":"wp","href":"https:\/\/api.w.org\/{rel}","templated":true}]}}