{"id":35923,"date":"2014-07-26T21:43:28","date_gmt":"2014-07-27T00:43:28","guid":{"rendered":"http:\/\/aconteceunovale.com.br\/portal\/?p=35923"},"modified":"2014-07-26T23:57:28","modified_gmt":"2014-07-27T02:57:28","slug":"mulher-fica-ferida-em-acidente-proximo-ao-trevo-de-topazio-em-teofilo-otoni","status":"publish","type":"post","link":"https:\/\/aconteceunovale.com.br\/portal\/?p=35923","title":{"rendered":"Mulher fica ferida em acidente pr\u00f3ximo ao trevo de Top\u00e1zio, em Te\u00f3filo Otoni"},"content":{"rendered":"<p>Uma mulher de 56 anos ficou ferida em um acidente no final da manh\u00e3 deste s\u00e1bado, 26 de julho, na BR-116, pr\u00f3ximo ao trevo de acesso ao distrito de Top\u00e1zio, em Te\u00f3filo Otoni\/MG. De acordo com informa\u00e7\u00f5es do boletim de ocorr\u00eancia, os dois viajavam de Te\u00f3filo Otoni, no Vale do Mucuri, para Ara\u00e7ua\u00ed, no Vale do Jequitinhonha. <\/p>\n<p>Chovia muito no momento do acidente e segundo a Pol\u00edcia Rodovi\u00e1ria Federal, a pista molhada pode ter provocado o capotamento do ve\u00edculo VW Fox placa HKP-5565, de Te\u00f3filo Otoni\/MG. O carro parou \u00e0s margens da rodovia depois de capotar v\u00e1rias vezes. <\/p>\n<p>No ve\u00edculo estavam o condutor, de 37 anos, que n\u00e3o sofreu ferimentos e a m\u00e3e dele Eunice Moraes Maciel, de 56 anos, que foi socorrida pelo Servi\u00e7o de Atendimento M\u00f3vel de Urg\u00eancia (SAMU) e levada para atendimento m\u00e9dico no hospital Santa Ros\u00e1lia.<\/p>\n<p><img decoding=\"async\" src=\"http:\/\/aconteceunovale.com.br\/portal\/wp-content\/uploads\/2014\/07\/acidente_carro_ara_teo_26_7_1.jpg\" alt=\"\" \/><br \/>\n<img decoding=\"async\" src=\"http:\/\/aconteceunovale.com.br\/portal\/wp-content\/uploads\/2014\/07\/acidente_carro_ara_teo_26_7_2.jpg\" alt=\"\" \/><\/p>\n<p><strong><em>(Fotos e informa\u00e7\u00f5es da Inter TV dos Vales)<\/em><\/strong><\/p>\n","protected":false},"excerpt":{"rendered":"<p>Uma mulher de 56 anos ficou ferida em um acidente no final da manh\u00e3 deste s\u00e1bado, 26 de julho, na BR-116, pr\u00f3ximo ao trevo de acesso ao distrito de Top\u00e1zio, em Te\u00f3filo Otoni\/MG. De acordo com informa\u00e7\u00f5es do boletim de ocorr\u00eancia, os dois viajavam de Te\u00f3filo Otoni, no Vale do Mucuri, para Ara\u00e7ua\u00ed, no Vale [&hellip;]<\/p>\n","protected":false},"author":1,"featured_media":35931,"comment_status":"open","ping_status":"closed","sticky":false,"template":"","format":"standard","meta":{"amp_status":"","footnotes":""},"categories":[122],"tags":[12561,12562,186,12560,12555,12556,164],"class_list":["post-35923","post","type-post","status-publish","format-standard","has-post-thumbnail","hentry","category-mucuri","tag-acidente-com-carro-de-teofilo-otoni","tag-acidente-com-carro-que-seguia-de-teofilo-otoni-para-aracuai","tag-aracuai","tag-eunice-moraes-maciel","tag-mulher-fica-ferida-em-acidente-proximo-ao-trevo-de-topazio-em-teofilo-otoni","tag-mulher-fica-ferida-em-acidente-proximo-ao-trevo-de-topazio-na-br-116","tag-teofilo-otoni"],"_links":{"self":[{"href":"https:\/\/aconteceunovale.com.br\/portal\/index.php?rest_route=\/wp\/v2\/posts\/35923","targetHints":{"allow":["GET"]}}],"collection":[{"href":"https:\/\/aconteceunovale.com.br\/portal\/index.php?rest_route=\/wp\/v2\/posts"}],"about":[{"href":"https:\/\/aconteceunovale.com.br\/portal\/index.php?rest_route=\/wp\/v2\/types\/post"}],"author":[{"embeddable":true,"href":"https:\/\/aconteceunovale.com.br\/portal\/index.php?rest_route=\/wp\/v2\/users\/1"}],"replies":[{"embeddable":true,"href":"https:\/\/aconteceunovale.com.br\/portal\/index.php?rest_route=%2Fwp%2Fv2%2Fcomments&post=35923"}],"version-history":[{"count":0,"href":"https:\/\/aconteceunovale.com.br\/portal\/index.php?rest_route=\/wp\/v2\/posts\/35923\/revisions"}],"wp:featuredmedia":[{"embeddable":true,"href":"https:\/\/aconteceunovale.com.br\/portal\/index.php?rest_route=\/wp\/v2\/media\/35931"}],"wp:attachment":[{"href":"https:\/\/aconteceunovale.com.br\/portal\/index.php?rest_route=%2Fwp%2Fv2%2Fmedia&parent=35923"}],"wp:term":[{"taxonomy":"category","embeddable":true,"href":"https:\/\/aconteceunovale.com.br\/portal\/index.php?rest_route=%2Fwp%2Fv2%2Fcategories&post=35923"},{"taxonomy":"post_tag","embeddable":true,"href":"https:\/\/aconteceunovale.com.br\/portal\/index.php?rest_route=%2Fwp%2Fv2%2Ftags&post=35923"}],"curies":[{"name":"wp","href":"https:\/\/api.w.org\/{rel}","templated":true}]}}