{"id":35853,"date":"2014-07-25T19:33:51","date_gmt":"2014-07-25T22:33:51","guid":{"rendered":"http:\/\/aconteceunovale.com.br\/portal\/?p=35853"},"modified":"2014-07-25T19:33:51","modified_gmt":"2014-07-25T22:33:51","slug":"menores-sao-suspeitos-de-assalto-em-relojoaria-no-centro-de-governador-valadares","status":"publish","type":"post","link":"https:\/\/aconteceunovale.com.br\/portal\/?p=35853","title":{"rendered":"Menores s\u00e3o suspeitos de assalto em relojoaria no Centro de Governador Valadares"},"content":{"rendered":"<p>A Pol\u00edcia Militar de Governador Valadares, no Leste de Minas Gerais procura por dois menores de 16 e 17 anos suspeitos de praticarem um assalto a uma relojoaria no fim da tarde desta sexta-feira (25). O estabelecimento fica na Rua Israel Pinheiro, no Centro da cidade, em frente ao Mercado Municipal.<\/p>\n<p>Segundo informa\u00e7\u00f5es da PM, as c\u00e2meras de seguran\u00e7a instaladas na loja ajudaram a pol\u00edcia na identifica\u00e7\u00e3o dos menores que s\u00e3o suspeitos de outro roubo realizado a menos de uma semana em outro ponto de Valadares.<\/p>\n<p><img decoding=\"async\" src=\"http:\/\/aconteceunovale.com.br\/portal\/wp-content\/uploads\/2014\/07\/assalto_relojoaria_gv_25_7.jpg\" alt=\"\" \/><em>Assalto aconteceu no fim da tarde, em frente ao Mercado Municipal (Foto: Diego Souza\/G1)<\/em><br \/>\n<\/br><\/p>\n<p>De acordo com o subtenente Jo\u00e3o Machado Neto, o dono da relojoaria \u00e9 um policial civil que reagiu ao assalto e efetuou um disparo com arma de fogo. A bala atingiu a porta traseira e danificou um t\u00e1xi que estava estacionado na porta. Segundo o taxista, dono do autom\u00f3vel, no momento ele n\u00e3o estava no local.<\/p>\n<p>\u201cOs suspeitos entraram no estabelecimento usando capacetes e um deles tinha um rev\u00f3lver nas m\u00e3os quando anunciou o assalto. Ele dominou a funcion\u00e1ria, quebrou uma vitrine e apanhou 50 cord\u00f5es de ouro que pesam aproximadamente 100 gramas. Ap\u00f3s o crime eles fugiram em uma moto que possivelmente tamb\u00e9m \u00e9 produto de furto. O policial civil, propriet\u00e1rio da loja, confirmou que efetuou um disparo para tentar inibir a a\u00e7\u00e3o dos suspeitos\u201d, contou o subtenente.<\/p>\n<p>O subtenente Neto pediu ajuda da popula\u00e7\u00e3o, no sentido de denunciar atrav\u00e9s do telefone 181 de maneira an\u00f4nima qualquer atitude suspeita que possa levar \u00e0 apreens\u00e3o dos menores suspeitos do assalto e recomentou, \u201cn\u00e3o reagir a assaltos, s\u00e3o muitos os exemplos de pessoas que perdem a vida tentando preservar seus patrim\u00f4nios e perderam o mais importante que \u00e9 a vida\u201d, ressaltou o subtenente. (G1)<\/p>\n","protected":false},"excerpt":{"rendered":"<p>A Pol\u00edcia Militar de Governador Valadares, no Leste de Minas Gerais procura por dois menores de 16 e 17 anos suspeitos de praticarem um assalto a uma relojoaria no fim da tarde desta sexta-feira (25). O estabelecimento fica na Rua Israel Pinheiro, no Centro da cidade, em frente ao Mercado Municipal. Segundo informa\u00e7\u00f5es da PM, [&hellip;]<\/p>\n","protected":false},"author":1,"featured_media":35854,"comment_status":"open","ping_status":"closed","sticky":false,"template":"","format":"standard","meta":{"amp_status":"","footnotes":""},"categories":[121],"tags":[247,12459],"class_list":["post-35853","post","type-post","status-publish","format-standard","has-post-thumbnail","hentry","category-leste","tag-governador-valadares","tag-menores-sao-suspeitos-de-assalto-em-relojoaria-no-centro-de-governador-valadares"],"_links":{"self":[{"href":"https:\/\/aconteceunovale.com.br\/portal\/index.php?rest_route=\/wp\/v2\/posts\/35853","targetHints":{"allow":["GET"]}}],"collection":[{"href":"https:\/\/aconteceunovale.com.br\/portal\/index.php?rest_route=\/wp\/v2\/posts"}],"about":[{"href":"https:\/\/aconteceunovale.com.br\/portal\/index.php?rest_route=\/wp\/v2\/types\/post"}],"author":[{"embeddable":true,"href":"https:\/\/aconteceunovale.com.br\/portal\/index.php?rest_route=\/wp\/v2\/users\/1"}],"replies":[{"embeddable":true,"href":"https:\/\/aconteceunovale.com.br\/portal\/index.php?rest_route=%2Fwp%2Fv2%2Fcomments&post=35853"}],"version-history":[{"count":0,"href":"https:\/\/aconteceunovale.com.br\/portal\/index.php?rest_route=\/wp\/v2\/posts\/35853\/revisions"}],"wp:featuredmedia":[{"embeddable":true,"href":"https:\/\/aconteceunovale.com.br\/portal\/index.php?rest_route=\/wp\/v2\/media\/35854"}],"wp:attachment":[{"href":"https:\/\/aconteceunovale.com.br\/portal\/index.php?rest_route=%2Fwp%2Fv2%2Fmedia&parent=35853"}],"wp:term":[{"taxonomy":"category","embeddable":true,"href":"https:\/\/aconteceunovale.com.br\/portal\/index.php?rest_route=%2Fwp%2Fv2%2Fcategories&post=35853"},{"taxonomy":"post_tag","embeddable":true,"href":"https:\/\/aconteceunovale.com.br\/portal\/index.php?rest_route=%2Fwp%2Fv2%2Ftags&post=35853"}],"curies":[{"name":"wp","href":"https:\/\/api.w.org\/{rel}","templated":true}]}}