{"id":35850,"date":"2014-07-25T19:11:25","date_gmt":"2014-07-25T22:11:25","guid":{"rendered":"http:\/\/aconteceunovale.com.br\/portal\/?p=35850"},"modified":"2014-07-25T19:11:25","modified_gmt":"2014-07-25T22:11:25","slug":"cadastramento-escolar-e-prorrogado-ate-1o-de-agosto","status":"publish","type":"post","link":"https:\/\/aconteceunovale.com.br\/portal\/?p=35850","title":{"rendered":"Cadastramento Escolar \u00e9 prorrogado at\u00e9 1\u00ba de agosto"},"content":{"rendered":"<p>Foi prorrogado para at\u00e9 a pr\u00f3xima sexta-feira (1) o prazo para o Cadastramento Escolar na rede p\u00fablica de ensino, conforme divulgado na tarde desta sexta-feira (25) pela Secretaria de Estado de Educa\u00e7\u00e3o (SEE). Os pais ou respons\u00e1veis que ainda n\u00e3o realizaram o cadastro ter\u00e3o at\u00e9 o primeiro dia de agosto para fazer a inscri\u00e7\u00e3o, garantindo ao estudante que ingressar\u00e1 no ensino fundamental em 2015 uma vaga na escola mais pr\u00f3xima de sua resid\u00eancia.<\/p>\n<p>A prorroga\u00e7\u00e3o foi publicada na edi\u00e7\u00e3o desta sexta do Di\u00e1rio Oficial dos Poderes do Estado, por meio da Resolu\u00e7\u00e3o n\u00ba 2.667, da SEE. Ainda conforme o \u00f3rg\u00e3o, o Cadastramento Escolar \u00e9 realizado de forma unificada nas redes p\u00fablicas municipais e estadual de ensino. O p\u00fablico-alvo priorit\u00e1rio s\u00e3o crian\u00e7as com seis anos completos ou que ir\u00e3o completar at\u00e9 o dia 30 de junho de 2015 e buscam uma vaga no 1\u00ba ano do ensino fundamental.<\/p>\n<p>Alunos oriundos de outras localidades ou de escolas particulares que v\u00e3o ingressar em qualquer ano da rede p\u00fablica, al\u00e9m de candidatos a vagas nos demais anos ou ciclos do ensino fundamental que desejam iniciar ou retomar os estudos nas redes p\u00fablicas de ensino tamb\u00e9m devem se cadastrar.<\/p>\n<p>Para a inscri\u00e7\u00e3o, os respons\u00e1veis pelo aluno devem apresentar original e c\u00f3pia dos seguintes documentos: certid\u00e3o de nascimento do candidato e conta de luz recente. Nos casos de transfer\u00eancia para as redes p\u00fablicas ou retomada de estudos, os interessados tamb\u00e9m devem apresentar documento comprobat\u00f3rio expedido pela escola de origem. Os candidatos maiores de 18 anos poder\u00e3o fazer a sua pr\u00f3pria inscri\u00e7\u00e3o no cadastro escolar. A inscri\u00e7\u00e3o \u00e9 isenta de pagamento de taxas por parte do candidato.<\/p>\n<h4><strong>Locais para cadastro<\/strong><\/h4>\n<p>Ainda segundo a SEE, na capital mineira o cadastramento \u00e9 feito nas Ag\u00eancias dos Correios. J\u00e1 na Regi\u00e3o Metropolitana e no interior do Estado, a inscri\u00e7\u00e3o ocorre em postos de cadastramento definidos pelas comiss\u00f5es municipais de cadastros e matr\u00edculas. O candidato que fizer a matr\u00edcula dentro do prazo estabelecido ter\u00e1 sua vaga assegurada em uma escola p\u00fablica pr\u00f3xima \u00e0 sua resid\u00eancia.<\/p>\n<p>O candidato que n\u00e3o se matricular no prazo previsto ser\u00e1 encaminhado para escola onde houver vaga remanescente. Aqueles alunos que j\u00e1 fazem parte da rede p\u00fablica e v\u00e3o permanecer na mesma escola no pr\u00f3ximo ano n\u00e3o participam desse procedimento. A vaga desse estudante na institui\u00e7\u00e3o \u00e9 garantida e a renova\u00e7\u00e3o de matr\u00edcula \u00e9 realizada em data definida pela pr\u00f3pria escola. A matr\u00edcula do candidato que participou do cadastramento escolar ocorrer\u00e1 no per\u00edodo de 15 a 19 de dezembro.<\/p>\n<p>Para a SEE, o cadastro \u00e9 importante pois permite ao Governo do Estado e \u00e0s prefeituras municipais dimensionarem a demanda escolar, encaminhando com tranquilidade as crian\u00e7as que v\u00e3o iniciar os estudos, os alunos que desejam a transfer\u00eancia para a rede p\u00fablica e os estudantes que queiram retornar \u00e0 escola, seja qual for o ano do ensino fundamental.<\/p>\n<p>Com a demanda apresentada no Cadastramento Escolar, Estado e munic\u00edpios fazem uma an\u00e1lise do fluxo escolar, na capacidade f\u00edsica das escolas, com vistas \u00e0 apresenta\u00e7\u00e3o de proposta de expans\u00e3o e\/ou reorganiza\u00e7\u00e3o, buscando compatibilizar a demanda e oferta de vagas nas redes p\u00fablicas de ensino. (SEE \/ O Tempo)<\/p>\n","protected":false},"excerpt":{"rendered":"<p>Foi prorrogado para at\u00e9 a pr\u00f3xima sexta-feira (1) o prazo para o Cadastramento Escolar na rede p\u00fablica de ensino, conforme divulgado na tarde desta sexta-feira (25) pela Secretaria de Estado de Educa\u00e7\u00e3o (SEE). Os pais ou respons\u00e1veis que ainda n\u00e3o realizaram o cadastro ter\u00e3o at\u00e9 o primeiro dia de agosto para fazer a inscri\u00e7\u00e3o, garantindo [&hellip;]<\/p>\n","protected":false},"author":1,"featured_media":35458,"comment_status":"open","ping_status":"closed","sticky":false,"template":"","format":"standard","meta":{"amp_status":"","footnotes":""},"categories":[123],"tags":[12083,12458],"class_list":["post-35850","post","type-post","status-publish","format-standard","has-post-thumbnail","hentry","category-gerais","tag-cadastramento-escolar-2015","tag-cadastramento-escolar-e-prorrogado-ate-1o-de-agosto"],"_links":{"self":[{"href":"https:\/\/aconteceunovale.com.br\/portal\/index.php?rest_route=\/wp\/v2\/posts\/35850","targetHints":{"allow":["GET"]}}],"collection":[{"href":"https:\/\/aconteceunovale.com.br\/portal\/index.php?rest_route=\/wp\/v2\/posts"}],"about":[{"href":"https:\/\/aconteceunovale.com.br\/portal\/index.php?rest_route=\/wp\/v2\/types\/post"}],"author":[{"embeddable":true,"href":"https:\/\/aconteceunovale.com.br\/portal\/index.php?rest_route=\/wp\/v2\/users\/1"}],"replies":[{"embeddable":true,"href":"https:\/\/aconteceunovale.com.br\/portal\/index.php?rest_route=%2Fwp%2Fv2%2Fcomments&post=35850"}],"version-history":[{"count":0,"href":"https:\/\/aconteceunovale.com.br\/portal\/index.php?rest_route=\/wp\/v2\/posts\/35850\/revisions"}],"wp:featuredmedia":[{"embeddable":true,"href":"https:\/\/aconteceunovale.com.br\/portal\/index.php?rest_route=\/wp\/v2\/media\/35458"}],"wp:attachment":[{"href":"https:\/\/aconteceunovale.com.br\/portal\/index.php?rest_route=%2Fwp%2Fv2%2Fmedia&parent=35850"}],"wp:term":[{"taxonomy":"category","embeddable":true,"href":"https:\/\/aconteceunovale.com.br\/portal\/index.php?rest_route=%2Fwp%2Fv2%2Fcategories&post=35850"},{"taxonomy":"post_tag","embeddable":true,"href":"https:\/\/aconteceunovale.com.br\/portal\/index.php?rest_route=%2Fwp%2Fv2%2Ftags&post=35850"}],"curies":[{"name":"wp","href":"https:\/\/api.w.org\/{rel}","templated":true}]}}