{"id":35761,"date":"2014-07-24T21:52:21","date_gmt":"2014-07-25T00:52:21","guid":{"rendered":"http:\/\/aconteceunovale.com.br\/portal\/?p=35761"},"modified":"2014-07-31T18:27:29","modified_gmt":"2014-07-31T21:27:29","slug":"acusado-de-homicidio-pula-da-janela-do-forum-durante-audiencia","status":"publish","type":"post","link":"https:\/\/aconteceunovale.com.br\/portal\/?p=35761","title":{"rendered":"Acusado de homic\u00eddio pula da janela do f\u00f3rum durante audi\u00eancia"},"content":{"rendered":"<p>Um preso acusado de homic\u00eddio est\u00e1 internado em estado grave ap\u00f3s tentar suic\u00eddio por duas vezes somente nesta quinta-feira (24), em Buen\u00f3polis, na regi\u00e3o Central do Estado. Mois\u00e9s Barbosa Filho cortou os pulsos durante a madrugada na cadeia p\u00fablica da cidade e, durante uma audi\u00eancia p\u00fablica, pulou de cabe\u00e7a pela janela do F\u00f3rum da cidade. <\/p>\n<p>Segundo as informa\u00e7\u00f5es do delegado Andre Pelli, o preso estava na cadeia p\u00fablica quando por volta das 1h35 corou os pr\u00f3prios pulsos, sendo socorrido, medicado, liberado e devolvido \u00e0 unidade prisional. &#8220;Ele tinha uma audi\u00eancia marcada para 10h30 no F\u00f3rum de Buen\u00f3polis e, no fim dela, o juiz solicitou que fossem retiradas suas algemas para que ele assinasse seu interrogat\u00f3rio&#8221;, disse o policial.<\/p>\n<p>Foi ent\u00e3o, que o preso pegou a caneta, levantou-se e correu na dire\u00e7\u00e3o do magistrado, assustando a todos os presentes. &#8220;Ele simplesmente saltou pela janela da sala de audi\u00eancias, atr\u00e1s da cadeira do juiz. Caiu de cabe\u00e7a no ch\u00e3o do segundo andar do pr\u00e9dio&#8221;, lembrou Pelli. <\/p>\n<p>Filho sofreu traumatismo craniano grave e foi socorrido em estado cr\u00edtico para o Pronto Atendimento M\u00e9dico da cidade. Por\u00e9m, em raz\u00e3o da gravidade dos ferimentos acabou transferido para o Hospital Regional de Curvelo e, posteriormente, ao Hospital Jo\u00e3o XXIII, em Belo Horizonte. <\/p>\n<p><em>(O Tempo)<\/em><\/p>\n","protected":false},"excerpt":{"rendered":"<p>Um preso acusado de homic\u00eddio est\u00e1 internado em estado grave ap\u00f3s tentar suic\u00eddio por duas vezes somente nesta quinta-feira (24), em Buen\u00f3polis, na regi\u00e3o Central do Estado. Mois\u00e9s Barbosa Filho cortou os pulsos durante a madrugada na cadeia p\u00fablica da cidade e, durante uma audi\u00eancia p\u00fablica, pulou de cabe\u00e7a pela janela do F\u00f3rum da cidade. [&hellip;]<\/p>\n","protected":false},"author":1,"featured_media":35762,"comment_status":"open","ping_status":"closed","sticky":false,"template":"","format":"standard","meta":{"amp_status":"","footnotes":""},"categories":[123],"tags":[12393,12394,960,12395],"class_list":["post-35761","post","type-post","status-publish","format-standard","has-post-thumbnail","hentry","category-gerais","tag-acusado-de-homicidio-pula-da-janela-do-forum-durante-audiencia","tag-acusado-de-homicidio-pula-da-janela-do-forum-durante-audiencia-em-buenopolis","tag-buenopolis","tag-moises-barbosa-filho"],"_links":{"self":[{"href":"https:\/\/aconteceunovale.com.br\/portal\/index.php?rest_route=\/wp\/v2\/posts\/35761","targetHints":{"allow":["GET"]}}],"collection":[{"href":"https:\/\/aconteceunovale.com.br\/portal\/index.php?rest_route=\/wp\/v2\/posts"}],"about":[{"href":"https:\/\/aconteceunovale.com.br\/portal\/index.php?rest_route=\/wp\/v2\/types\/post"}],"author":[{"embeddable":true,"href":"https:\/\/aconteceunovale.com.br\/portal\/index.php?rest_route=\/wp\/v2\/users\/1"}],"replies":[{"embeddable":true,"href":"https:\/\/aconteceunovale.com.br\/portal\/index.php?rest_route=%2Fwp%2Fv2%2Fcomments&post=35761"}],"version-history":[{"count":0,"href":"https:\/\/aconteceunovale.com.br\/portal\/index.php?rest_route=\/wp\/v2\/posts\/35761\/revisions"}],"wp:featuredmedia":[{"embeddable":true,"href":"https:\/\/aconteceunovale.com.br\/portal\/index.php?rest_route=\/wp\/v2\/media\/35762"}],"wp:attachment":[{"href":"https:\/\/aconteceunovale.com.br\/portal\/index.php?rest_route=%2Fwp%2Fv2%2Fmedia&parent=35761"}],"wp:term":[{"taxonomy":"category","embeddable":true,"href":"https:\/\/aconteceunovale.com.br\/portal\/index.php?rest_route=%2Fwp%2Fv2%2Fcategories&post=35761"},{"taxonomy":"post_tag","embeddable":true,"href":"https:\/\/aconteceunovale.com.br\/portal\/index.php?rest_route=%2Fwp%2Fv2%2Ftags&post=35761"}],"curies":[{"name":"wp","href":"https:\/\/api.w.org\/{rel}","templated":true}]}}