{"id":35717,"date":"2014-07-24T13:42:22","date_gmt":"2014-07-24T16:42:22","guid":{"rendered":"http:\/\/aconteceunovale.com.br\/portal\/?p=35717"},"modified":"2014-07-24T13:42:22","modified_gmt":"2014-07-24T16:42:22","slug":"homem-acusado-de-matar-mae-adotiva-e-julgado-em-montes-claros","status":"publish","type":"post","link":"https:\/\/aconteceunovale.com.br\/portal\/?p=35717","title":{"rendered":"Homem acusado de matar m\u00e3e adotiva \u00e9 julgado em Montes Claros"},"content":{"rendered":"<h4><strong>Idosa de 74 anos foi morta com peda\u00e7o de madeira em janeiro de 2013. Cl\u00e1udio Ferreira foi adotado por ela com 14 dias de vida.<\/strong><\/h4>\n<p>Est\u00e1 sendo julgado no f\u00f3rum de Montes Claros (MG), Cl\u00e1udio Ferreira, de 35 anos,  acusado de matar a m\u00e3e adotiva em janeiro de 2013, no Bairro Jardim Primavera. A idosa de 74 anos foi morta em casa, com um peda\u00e7o de madeira. Ele foi adotado com 14 dias de vida.<\/p>\n<p><img decoding=\"async\" src=\"http:\/\/aconteceunovale.com.br\/portal\/wp-content\/uploads\/2014\/07\/idosa_morta_moc_filho_julgado_1.jpg\" alt=\"\" \/><em>Cl\u00e1udio Ferreira Elias foi preso em casa, onde teria assassinado a m\u00e3e (Foto: Valdivan Veloso \/ G1)<\/em><br \/>\n<\/br><\/p>\n<p>Na \u00e9poca do crime, o filho chegou a dar entrevista pedindo por justi\u00e7a. Ele disse que tinha ido at\u00e9 um bar e que o sobrinho e o filho foram comprar lanches, deixando a idosa sozinha. Quando voltou ele afirmou ter encontrado a m\u00e3e ensanguentada no sof\u00e1.<\/p>\n<p>Ao ser preso pela pol\u00edcia em fevereiro do mesmo ano, Cl\u00e1udio Ferreira contou que &#8220;foi um encosto ruim que entrou em mim. Assim eu n\u00e3o vi nada e s\u00f3 fui acordar dois dias depois&#8221;.<\/p>\n<p>O delegado Giovane Sierve disse na \u00e9poca da apresenta\u00e7\u00e3o do carpinteiro que Cl\u00e1dio foi o primeiro a sugerir hip\u00f3teses para o crime.<\/p>\n<p><img decoding=\"async\" src=\"http:\/\/aconteceunovale.com.br\/portal\/wp-content\/uploads\/2014\/07\/idosa_morta_moc_filho_julgado_2.jpg\" alt=\"\" \/><em>Idosa foi morta dentro de casa enquanto assistia televis\u00e3o (Foto: Arquivo Pessoal)<\/em><br \/>\n<\/br><\/p>\n<p>\u201cSomente depois quando a pol\u00edcia checou todas as informa\u00e7\u00f5es passadas por ele, e constatou contradi\u00e7\u00f5es entre elas, \u00e9 que ele foi novamente ouvido e n\u00e3o teve como negar a autoria do crime\u201d, afirmou.<br \/>\nAs investiga\u00e7\u00f5es apontaram tamb\u00e9m que Cl\u00e1udio deu dinheiro para o sobrinho e o filho, j\u00e1 com o objetivo de ficar sozinho com a m\u00e3e.<\/p>\n<p>Se for condenado, Cl\u00e1udio Ferreira pode pegar de 12 a 13 anos de pris\u00e3o, por homic\u00eddio qualificado. O advogado do acusado disse que iria se pronunciar somente ap\u00f3s o fim do julgamento. (G1)<\/p>\n","protected":false},"excerpt":{"rendered":"<p>Idosa de 74 anos foi morta com peda\u00e7o de madeira em janeiro de 2013. Cl\u00e1udio Ferreira foi adotado por ela com 14 dias de vida. Est\u00e1 sendo julgado no f\u00f3rum de Montes Claros (MG), Cl\u00e1udio Ferreira, de 35 anos, acusado de matar a m\u00e3e adotiva em janeiro de 2013, no Bairro Jardim Primavera. A idosa [&hellip;]<\/p>\n","protected":false},"author":1,"featured_media":35718,"comment_status":"open","ping_status":"closed","sticky":false,"template":"","format":"standard","meta":{"amp_status":"","footnotes":""},"categories":[1236],"tags":[12354,12353,210],"class_list":["post-35717","post","type-post","status-publish","format-standard","has-post-thumbnail","hentry","category-norte_de_minas","tag-claudio-ferreira","tag-homem-acusado-de-matar-mae-adotiva-e-julgado-em-montes-claros","tag-montes-claros"],"_links":{"self":[{"href":"https:\/\/aconteceunovale.com.br\/portal\/index.php?rest_route=\/wp\/v2\/posts\/35717","targetHints":{"allow":["GET"]}}],"collection":[{"href":"https:\/\/aconteceunovale.com.br\/portal\/index.php?rest_route=\/wp\/v2\/posts"}],"about":[{"href":"https:\/\/aconteceunovale.com.br\/portal\/index.php?rest_route=\/wp\/v2\/types\/post"}],"author":[{"embeddable":true,"href":"https:\/\/aconteceunovale.com.br\/portal\/index.php?rest_route=\/wp\/v2\/users\/1"}],"replies":[{"embeddable":true,"href":"https:\/\/aconteceunovale.com.br\/portal\/index.php?rest_route=%2Fwp%2Fv2%2Fcomments&post=35717"}],"version-history":[{"count":0,"href":"https:\/\/aconteceunovale.com.br\/portal\/index.php?rest_route=\/wp\/v2\/posts\/35717\/revisions"}],"wp:featuredmedia":[{"embeddable":true,"href":"https:\/\/aconteceunovale.com.br\/portal\/index.php?rest_route=\/wp\/v2\/media\/35718"}],"wp:attachment":[{"href":"https:\/\/aconteceunovale.com.br\/portal\/index.php?rest_route=%2Fwp%2Fv2%2Fmedia&parent=35717"}],"wp:term":[{"taxonomy":"category","embeddable":true,"href":"https:\/\/aconteceunovale.com.br\/portal\/index.php?rest_route=%2Fwp%2Fv2%2Fcategories&post=35717"},{"taxonomy":"post_tag","embeddable":true,"href":"https:\/\/aconteceunovale.com.br\/portal\/index.php?rest_route=%2Fwp%2Fv2%2Ftags&post=35717"}],"curies":[{"name":"wp","href":"https:\/\/api.w.org\/{rel}","templated":true}]}}