{"id":35709,"date":"2014-07-24T13:29:14","date_gmt":"2014-07-24T16:29:14","guid":{"rendered":"http:\/\/aconteceunovale.com.br\/portal\/?p=35709"},"modified":"2014-07-24T13:29:14","modified_gmt":"2014-07-24T16:29:14","slug":"manifestantes-de-assentamentos-ocupam-predio-da-cemig-em-montes-claros","status":"publish","type":"post","link":"https:\/\/aconteceunovale.com.br\/portal\/?p=35709","title":{"rendered":"Manifestantes de assentamentos ocupam pr\u00e9dio da Cemig em Montes Claros"},"content":{"rendered":"<p>Cerca de 100 manifestantes que integram o Movimento dos Sem Terra (MST) e o Movimento dos Atingidos por Barragens (MAB) ocupam o sagu\u00e3o da ag\u00eancia da Companhia Energ\u00e9tica de Minas Gerais (Cemig), no centro de Montes Claros, no Norte de Minas. De acordo com a Pol\u00edcia Militar (PM), o grupo chegou ao pr\u00e9dio por volta das 9h da manh\u00e3 desta quinta-feira (24) e impediu o atendimento dos clientes. N\u00e3o h\u00e1 previs\u00e3o para que o pr\u00e9dio seja desocupado.<\/p>\n<p>Os manifestantes s\u00e3o moradores de assentamentos das cidades de S\u00e3o Francisco, Bocaiuva, Engenheiro Navarro, Capit\u00e3o En\u00e9as e Montes Claros, e pedem a instala\u00e7\u00e3o de energia el\u00e9trica nas casas. Eles querem que representantes dos movimentos sejam recebidos pelo presidente da Cemig e recebam uma previs\u00e3o de quando a energia ser\u00e1 ligada nos assentamentos.<\/p>\n<p><img decoding=\"async\" src=\"http:\/\/aconteceunovale.com.br\/portal\/wp-content\/uploads\/2014\/07\/ocupacao_sede_da_cemig_moc.jpg\" alt=\"\" \/><em>Manifestantes ocuparam sagu\u00e3o da ag\u00eancia da Cemig em Montes Claros &#8211; Foto: Mauro Miranda<\/em><br \/>\n<\/br><\/p>\n<p>H\u00e1 protestos com o mesmo objetivo ocorrendo em Juiz de Fora, na Zona da Mata, onde 30 pessoas tentaram entrar no Castelinho da Cemig, no centro da cidade, e tamb\u00e9m em Varginha, no Sul de Minas, onde 40 manifestantes se reuniram na porta da ag\u00eancia da companhia, no centro. Nas tr\u00eas cidades, as manifesta\u00e7\u00f5es ocorrem de maneira pac\u00edfica.<\/p>\n<h4><strong>Atendimento<\/strong><\/h4>\n<p>Em Montes Claros, de acordo com a PM, os atendimentos da ag\u00eancia da Cemig foram transferidos para a Unidade de Atendimento Integrado do bairro Edgar Pereira e acontecem normalmente.<\/p>\n<p>Em Juiz de Fora e Varginha n\u00e3o houve interrup\u00e7\u00e3o nos servi\u00e7os.<\/p>\n<p>A Cemig, por meio de sua assessoria de imprensa, informou que aguarda a desocupa\u00e7\u00e3o dos locais onde h\u00e1 manifestantes e, s\u00f3 ent\u00e3o, deve receb\u00ea-los para conversar sobre a pauta de reivindica\u00e7\u00f5es.<\/p>\n<p><em>(O Tempo)<\/em><\/p>\n","protected":false},"excerpt":{"rendered":"<p>Cerca de 100 manifestantes que integram o Movimento dos Sem Terra (MST) e o Movimento dos Atingidos por Barragens (MAB) ocupam o sagu\u00e3o da ag\u00eancia da Companhia Energ\u00e9tica de Minas Gerais (Cemig), no centro de Montes Claros, no Norte de Minas. De acordo com a Pol\u00edcia Militar (PM), o grupo chegou ao pr\u00e9dio por volta [&hellip;]<\/p>\n","protected":false},"author":1,"featured_media":35710,"comment_status":"open","ping_status":"closed","sticky":false,"template":"","format":"standard","meta":{"amp_status":"","footnotes":""},"categories":[1236],"tags":[1018,12351,210],"class_list":["post-35709","post","type-post","status-publish","format-standard","has-post-thumbnail","hentry","category-norte_de_minas","tag-destaque","tag-manifestantes-de-assentamentos-ocupam-predio-da-cemig-em-montes-claros","tag-montes-claros"],"_links":{"self":[{"href":"https:\/\/aconteceunovale.com.br\/portal\/index.php?rest_route=\/wp\/v2\/posts\/35709","targetHints":{"allow":["GET"]}}],"collection":[{"href":"https:\/\/aconteceunovale.com.br\/portal\/index.php?rest_route=\/wp\/v2\/posts"}],"about":[{"href":"https:\/\/aconteceunovale.com.br\/portal\/index.php?rest_route=\/wp\/v2\/types\/post"}],"author":[{"embeddable":true,"href":"https:\/\/aconteceunovale.com.br\/portal\/index.php?rest_route=\/wp\/v2\/users\/1"}],"replies":[{"embeddable":true,"href":"https:\/\/aconteceunovale.com.br\/portal\/index.php?rest_route=%2Fwp%2Fv2%2Fcomments&post=35709"}],"version-history":[{"count":0,"href":"https:\/\/aconteceunovale.com.br\/portal\/index.php?rest_route=\/wp\/v2\/posts\/35709\/revisions"}],"wp:featuredmedia":[{"embeddable":true,"href":"https:\/\/aconteceunovale.com.br\/portal\/index.php?rest_route=\/wp\/v2\/media\/35710"}],"wp:attachment":[{"href":"https:\/\/aconteceunovale.com.br\/portal\/index.php?rest_route=%2Fwp%2Fv2%2Fmedia&parent=35709"}],"wp:term":[{"taxonomy":"category","embeddable":true,"href":"https:\/\/aconteceunovale.com.br\/portal\/index.php?rest_route=%2Fwp%2Fv2%2Fcategories&post=35709"},{"taxonomy":"post_tag","embeddable":true,"href":"https:\/\/aconteceunovale.com.br\/portal\/index.php?rest_route=%2Fwp%2Fv2%2Ftags&post=35709"}],"curies":[{"name":"wp","href":"https:\/\/api.w.org\/{rel}","templated":true}]}}