{"id":35689,"date":"2014-07-24T11:48:31","date_gmt":"2014-07-24T14:48:31","guid":{"rendered":"http:\/\/aconteceunovale.com.br\/portal\/?p=35689"},"modified":"2014-07-24T11:48:31","modified_gmt":"2014-07-24T14:48:31","slug":"evangelico-que-invadiu-igreja-e-quebrou-imagens-tera-que-pagar-fianca-de-100-salarios-para-sair-da-prisao","status":"publish","type":"post","link":"https:\/\/aconteceunovale.com.br\/portal\/?p=35689","title":{"rendered":"Evang\u00e9lico que invadiu igreja e quebrou imagens ter\u00e1 que pagar fian\u00e7a de 100 sal\u00e1rios para sair da pris\u00e3o"},"content":{"rendered":"<p>O Tribunal de Justi\u00e7a de Minas Gerais (TJMG) informou, nesta quarta-feira (23), que Mizael Rodrigues F\u00e9lix, de 20 anos, poder\u00e1 pagar fian\u00e7a de 100 sal\u00e1rios m\u00ednimos em troca da liberdade condicional. F\u00e9lix foi denunciado pelo Minist\u00e9rio P\u00fablico de ter destru\u00eddo imagens sacras da igreja de Sacramento, regi\u00e3o do Alto Parana\u00edba, no \u00faltimo dia 16 de julho. Na ocasi\u00e3o, os suspeito alegou \u00e0 pol\u00edcia que \u00e9 evang\u00e9lico e que quebrou as obras por n\u00e3o serem condizentes ao seu credo. A decis\u00e3o \u00e9 do juiz Stefano Renato Raymundo, da 1\u00aa Vara C\u00edvel, Criminal e da Inf\u00e2ncia e da Juventude de Sacramento.  <\/p>\n<p>De acordo com o TJMG, o r\u00e9u, residente em Uberl\u00e2ndia, solicitou a liberdade alegando ser prim\u00e1rio, ter emprego e endere\u00e7o conhecidos e n\u00e3o possuir antecedentes criminais. Conforme informou o TJMG, a Promotoria de Justi\u00e7a, por sua vez, sustentando que, al\u00e9m do atentado contra um bem cultural p\u00fablico, houve a destrui\u00e7\u00e3o de uma propriedade protegida por lei, pediu a decreta\u00e7\u00e3o da pris\u00e3o preventiva, pois F\u00e9lix danificou um patrim\u00f4nio de toda a comunidade local, demonstrando desrespeito e aud\u00e1cia. O Minist\u00e9rio P\u00fablico reivindicou a condena\u00e7\u00e3o de F\u00e9lix a seis anos, o que impede a soltura mediante pagamento de fian\u00e7a.<\/p>\n<p><img decoding=\"async\" src=\"http:\/\/aconteceunovale.com.br\/portal\/wp-content\/uploads\/2014\/07\/santos_quebrados_sacramento.jpg\" alt=\"\" \/><em>O homem quebrou imagens de santos da igreja de Sacramento &#8211; Foto: Wellington Studio Digital<\/em><br \/>\n<\/br><\/p>\n<p>Avaliando o caso, por\u00e9m, o juiz Stefano Raymundo considerou que a pr\u00e1tica de vandalismo se restringia a uma \u00fanica conduta, que foi a destrui\u00e7\u00e3o os objetos religiosos. Sendo assim, a pena m\u00e1xima prevista \u00e9 de quatro anos e a decreta\u00e7\u00e3o da pris\u00e3o preventiva n\u00e3o \u00e9 poss\u00edvel, j\u00e1 que as penas que n\u00e3o permitem liberdade para crimes dolosos, isto \u00e9, quando h\u00e1 inten\u00e7\u00e3o de cometer o delito, s\u00f3 s\u00e3o aplicadas com puni\u00e7\u00f5es superioras a quatro anos.<\/p>\n<p>Ao conceder a liberdade provis\u00f3ria, o magistrado fixou um valor a ser pago como fian\u00e7a para garantir que o acusado comparecera a todos os atos do processo. Levando-se em conta a natureza da infra\u00e7\u00e3o, as condi\u00e7\u00f5es pessoais do acusado, a repercuss\u00e3o social do incidente e o grande preju\u00edzo causado \u00e0 coletividade, o juiz arbitrou a quantia em 100 sal\u00e1rios m\u00ednimos.<\/p>\n<p>De acordo com o TJMG, Stefano Raymundo disse que a quantia \u00e9 mais alta do que a proposta anteriormente pelo delegado de pol\u00edcia, porque, depois, o magistrado veio a saber que, recentemente, s\u00f3 na restaura\u00e7\u00e3o da igreja foram gastos quase R$ 15 mil. Segundo o TJMG, o r\u00e9u em nenhum momento declarou-se incapaz de arcar com os gastos da a\u00e7\u00e3o e ainda constituiu advogado particular rapidamente. <\/p>\n<h4><strong>Relembre o caso<\/strong><\/h4>\n<p>Um evang\u00e9lico invadiu, no dia 16 de julho, a igreja cat\u00f3lica de Sacramento e quebrou diversas imagens de santos, entre elas a da padroeira da cidade Nossa Senhora Aparecida, tombada pelo Patrim\u00f4nio Hist\u00f3rico Municipal.<\/p>\n<p>Segundo a Pol\u00edcia Militar (PM), Mizael Rodrigues F\u00e9lix, 20 anos, alegou ser evang\u00e9lico e disse ter destru\u00eddo as imagens por n\u00e3o serem condizentes ao seu credo. O suspeito, natural do Rio de Janeiro, afirmou que estava de passagem pela cidade e disse ter resid\u00eancia em Uberl\u00e2ndia. F\u00e9lix foi preso em flagrante e encaminhado para o Pres\u00eddio de Sacramento. <\/p>\n<p>A PM informou ainda que o homem usou as pr\u00f3prias m\u00e3os para quebrar as imagens. Ao chegar no local, os militares se depararam com o suspeito dando murros na imagem de Nossa Senhora Aparecida, que j\u00e1 estava quebrada no ch\u00e3o. <\/p>\n<p>De acordo com o p\u00e1roco do munic\u00edpio, Pe. S\u00e9rgio M\u00e1rcio de Oliveira, da Igreja Nossa Senhora do Patroc\u00ednio do Sant\u00edssimo Sacramento, al\u00e9m das imagens, o homem tamb\u00e9m teria quebrado cadeiras do presbit\u00e9rio e do altar e duas vidra\u00e7as. \u201cEle ultrapassou a depreda\u00e7\u00e3o do patrim\u00f4nio p\u00fablico, pois tamb\u00e9m feriu a f\u00e9 ao destruir todos os s\u00edmbolos religiosos da cidade. A maioria das imagens destru\u00eddas tinha mais de 100 anos. As pessoas j\u00e1 estavam acostumadas a frequentar a igreja e ver aquelas imagens no altar\u201d, afirmou o padre.<\/p>\n<p>O p\u00e1roco explicou que a imagem de Nossa Senhora Aparecida \u00e9 do ano de 1857, de madeira e \u00fanica no mundo e que seria coroada pelo Papa Francisco. \u201cPor mais que se recupere as imagens, o sentimento \u00e9 de perda e impot\u00eancia diante do que ele fez\u201d, lamentou. De acordo com o padre, j\u00e1 foi enviado um of\u00edcio pedindo a colabora\u00e7\u00e3o do Instituto do Patrim\u00f4nio Hist\u00f3rico e Art\u00edstico Nacional de Minas Gerais (IPHAN\/MG) para restaurar as imagens destru\u00eddas.<\/p>\n<p>Em nota, o prefeito do munic\u00edpio Bruno Scalon Cordeiro lamentou o ocorrido. &#8220;Confio que as autoridades competentes apurem este ato criminoso, onde foram destru\u00eddos objetos religiosos seculares, imagens sacras, verdadeiras rel\u00edquias, inclusive, algumas tombadas pelo patrim\u00f4nio p\u00fablico, como a imagem da padroeira do munic\u00edpio&#8221;, disse.<\/p>\n<p>Segundo a Pol\u00edcia Civil, F\u00e9lix aparenta ter dist\u00farbios mentais e teria fugido de uma cl\u00ednica de Uberl\u00e2ndia. Ele responder\u00e1 pelo crime de dano qualificado. O delegado Rafael Jorge da delegacia de Sacramento \u00e9 o respons\u00e1vel pela investiga\u00e7\u00e3o. (TJMG\/HD)<\/p>\n","protected":false},"excerpt":{"rendered":"<p>O Tribunal de Justi\u00e7a de Minas Gerais (TJMG) informou, nesta quarta-feira (23), que Mizael Rodrigues F\u00e9lix, de 20 anos, poder\u00e1 pagar fian\u00e7a de 100 sal\u00e1rios m\u00ednimos em troca da liberdade condicional. F\u00e9lix foi denunciado pelo Minist\u00e9rio P\u00fablico de ter destru\u00eddo imagens sacras da igreja de Sacramento, regi\u00e3o do Alto Parana\u00edba, no \u00faltimo dia 16 de [&hellip;]<\/p>\n","protected":false},"author":1,"featured_media":35690,"comment_status":"open","ping_status":"closed","sticky":false,"template":"","format":"standard","meta":{"amp_status":"","footnotes":""},"categories":[123],"tags":[1018,12329,12331,12330,1505],"class_list":["post-35689","post","type-post","status-publish","format-standard","has-post-thumbnail","hentry","category-gerais","tag-destaque","tag-evangelico-que-invadiu-igreja-e-quebrou-imagens-tera-que-pagar-fianca-de-100-salarios-para-sair-da-prisao","tag-imagens-sacras-da-igreja-de-sacramento","tag-mizael-rodrigues-felix","tag-sacramento"],"_links":{"self":[{"href":"https:\/\/aconteceunovale.com.br\/portal\/index.php?rest_route=\/wp\/v2\/posts\/35689","targetHints":{"allow":["GET"]}}],"collection":[{"href":"https:\/\/aconteceunovale.com.br\/portal\/index.php?rest_route=\/wp\/v2\/posts"}],"about":[{"href":"https:\/\/aconteceunovale.com.br\/portal\/index.php?rest_route=\/wp\/v2\/types\/post"}],"author":[{"embeddable":true,"href":"https:\/\/aconteceunovale.com.br\/portal\/index.php?rest_route=\/wp\/v2\/users\/1"}],"replies":[{"embeddable":true,"href":"https:\/\/aconteceunovale.com.br\/portal\/index.php?rest_route=%2Fwp%2Fv2%2Fcomments&post=35689"}],"version-history":[{"count":0,"href":"https:\/\/aconteceunovale.com.br\/portal\/index.php?rest_route=\/wp\/v2\/posts\/35689\/revisions"}],"wp:featuredmedia":[{"embeddable":true,"href":"https:\/\/aconteceunovale.com.br\/portal\/index.php?rest_route=\/wp\/v2\/media\/35690"}],"wp:attachment":[{"href":"https:\/\/aconteceunovale.com.br\/portal\/index.php?rest_route=%2Fwp%2Fv2%2Fmedia&parent=35689"}],"wp:term":[{"taxonomy":"category","embeddable":true,"href":"https:\/\/aconteceunovale.com.br\/portal\/index.php?rest_route=%2Fwp%2Fv2%2Fcategories&post=35689"},{"taxonomy":"post_tag","embeddable":true,"href":"https:\/\/aconteceunovale.com.br\/portal\/index.php?rest_route=%2Fwp%2Fv2%2Ftags&post=35689"}],"curies":[{"name":"wp","href":"https:\/\/api.w.org\/{rel}","templated":true}]}}