{"id":35673,"date":"2014-07-23T21:58:49","date_gmt":"2014-07-24T00:58:49","guid":{"rendered":"http:\/\/aconteceunovale.com.br\/portal\/?p=35673"},"modified":"2014-07-23T21:58:49","modified_gmt":"2014-07-24T00:58:49","slug":"populacao-de-montes-claros-questiona-altos-valores-da-taxa-de-lixo","status":"publish","type":"post","link":"https:\/\/aconteceunovale.com.br\/portal\/?p=35673","title":{"rendered":"Popula\u00e7\u00e3o de Montes Claros questiona altos valores da taxa de lixo"},"content":{"rendered":"<h4><strong>Alguns contribuintes ter\u00e3o que pagara mais de R$ 400. Lei que autoriza a cobran\u00e7a foi aprovada em 2013.<\/strong><\/h4>\n<p>A popula\u00e7\u00e3o de Montes Claros, no Norte de Minas, foi surpreendida nesta semana com o recebimento das guias de recolhimento da taxa de res\u00edduos s\u00f3lidos, popularmente chamada de taxa de lixo. A lei que autoriza a prefeitura a fazer a cobran\u00e7a foi aprovada em dezembro de 2013.<\/p>\n<p>Somente esta semana, os contribuintes est\u00e3o recebendo a cobran\u00e7a e ter\u00e3o que quitar o d\u00e9bito at\u00e9 o dia 12 de agosto, fato que est\u00e1 causando revolta na popula\u00e7\u00e3o.<\/p>\n<p>O aposentado Jaime Mendes, recebeu a taxa e reclama que os valores s\u00e3o muito abusivos. \u201cEm 2012 veio uma guia de R$ 245 e em 2013 n\u00e3o houve nenhuma cobran\u00e7a. Agora em 2014 a taxa cobrada \u00e9 de R$ 351, ou seja, teve um aumento de 43%. A infla\u00e7\u00e3o e o sal\u00e1rio m\u00ednimo n\u00e3o subiram desse jeito. Ent\u00e3o para o meu esclarecimento como \u00e9 que pagamos um valor deste?\u201d, questiona.<\/p>\n<p><img decoding=\"async\" src=\"http:\/\/aconteceunovale.com.br\/portal\/wp-content\/uploads\/2014\/07\/lixo_moc_alto.jpg\" alt=\"\" \/><em>Lixo tem ficado muito tempo na rua, diz moradora. (Foto: Internauta \/ G1)<\/em><br \/>\n<\/br><\/p>\n<p>Os moradores est\u00e3o sem entender o motivo da cobran\u00e7a j\u00e1 que n\u00e3o percebem qualidade no servi\u00e7o prestado. Segundo a aposentada Alice Cruz de Oliveira, o lixo permanece na rua por v\u00e1rios dias. \u201c\u00c9 a primeira vez que vem e eu quero saber o motivo do valor desta taxa. Com o sal\u00e1rio que a gente tem, como \u00e9 que se paga isso? Pois varrem a rua a cada 30 dias e o lixo fica fedendo na rua por dias e dias\u201d, diz.<\/p>\n<p>De acordo com a prefeitura, a taxa de cobran\u00e7a de res\u00edduos s\u00f3lidos \u00e9 para ajudar nos custos da limpeza urbana. 20 novos equipamentos, entre caminh\u00f5es e compactadores foram adquiridos e chegar\u00e3o em breve \u00e0 Montes Claros. Cerca de 65 mil estabelecimentos, entre residenciais e comerciais receberam a cobran\u00e7a.<\/p>\n<p>Segundo o diretor de receitas da prefeitura, Sebasti\u00e3o Prates, os moradores que j\u00e1 s\u00e3o isentos do IPTU tamb\u00e9m ficaram isentos da taxa de lixo. Para o c\u00e1lculo do valor foram levados em considera\u00e7\u00e3o a localiza\u00e7\u00e3o e o valor do im\u00f3vel. A necessidade da cobran\u00e7a \u00e9 com base nos altos custos gerados pela limpeza urbana.<\/p>\n<p>A prefeitura informou ainda que o contribuinte tem 15% de desconto no pagamento \u00e0 vista. Quem preferir pode parcelar em quatro vezes. Tanto a cota \u00fanica quanto \u00e0 primeira parcela vencem no dia 12 de agosto. (G1)<\/p>\n","protected":false},"excerpt":{"rendered":"<p>Alguns contribuintes ter\u00e3o que pagara mais de R$ 400. Lei que autoriza a cobran\u00e7a foi aprovada em 2013. A popula\u00e7\u00e3o de Montes Claros, no Norte de Minas, foi surpreendida nesta semana com o recebimento das guias de recolhimento da taxa de res\u00edduos s\u00f3lidos, popularmente chamada de taxa de lixo. A lei que autoriza a prefeitura [&hellip;]<\/p>\n","protected":false},"author":1,"featured_media":35674,"comment_status":"open","ping_status":"closed","sticky":false,"template":"","format":"standard","meta":{"amp_status":"","footnotes":""},"categories":[1236],"tags":[210,12303],"class_list":["post-35673","post","type-post","status-publish","format-standard","has-post-thumbnail","hentry","category-norte_de_minas","tag-montes-claros","tag-populacao-de-montes-claros-questiona-altos-valores-da-taxa-de-lixo"],"_links":{"self":[{"href":"https:\/\/aconteceunovale.com.br\/portal\/index.php?rest_route=\/wp\/v2\/posts\/35673","targetHints":{"allow":["GET"]}}],"collection":[{"href":"https:\/\/aconteceunovale.com.br\/portal\/index.php?rest_route=\/wp\/v2\/posts"}],"about":[{"href":"https:\/\/aconteceunovale.com.br\/portal\/index.php?rest_route=\/wp\/v2\/types\/post"}],"author":[{"embeddable":true,"href":"https:\/\/aconteceunovale.com.br\/portal\/index.php?rest_route=\/wp\/v2\/users\/1"}],"replies":[{"embeddable":true,"href":"https:\/\/aconteceunovale.com.br\/portal\/index.php?rest_route=%2Fwp%2Fv2%2Fcomments&post=35673"}],"version-history":[{"count":0,"href":"https:\/\/aconteceunovale.com.br\/portal\/index.php?rest_route=\/wp\/v2\/posts\/35673\/revisions"}],"wp:featuredmedia":[{"embeddable":true,"href":"https:\/\/aconteceunovale.com.br\/portal\/index.php?rest_route=\/wp\/v2\/media\/35674"}],"wp:attachment":[{"href":"https:\/\/aconteceunovale.com.br\/portal\/index.php?rest_route=%2Fwp%2Fv2%2Fmedia&parent=35673"}],"wp:term":[{"taxonomy":"category","embeddable":true,"href":"https:\/\/aconteceunovale.com.br\/portal\/index.php?rest_route=%2Fwp%2Fv2%2Fcategories&post=35673"},{"taxonomy":"post_tag","embeddable":true,"href":"https:\/\/aconteceunovale.com.br\/portal\/index.php?rest_route=%2Fwp%2Fv2%2Ftags&post=35673"}],"curies":[{"name":"wp","href":"https:\/\/api.w.org\/{rel}","templated":true}]}}