{"id":35669,"date":"2014-07-23T21:47:43","date_gmt":"2014-07-24T00:47:43","guid":{"rendered":"http:\/\/aconteceunovale.com.br\/portal\/?p=35669"},"modified":"2014-07-23T21:47:43","modified_gmt":"2014-07-24T00:47:43","slug":"homem-com-mandado-de-prisao-em-pernambuco-e-preso-em-governador-valadares","status":"publish","type":"post","link":"https:\/\/aconteceunovale.com.br\/portal\/?p=35669","title":{"rendered":"Homem com mandado de pris\u00e3o em Pernambuco \u00e9 preso em Governador Valadares"},"content":{"rendered":"<h4><strong>Jackson Cal\u00e9bio foi detido com arma e ve\u00edculo roubado no Esp\u00edrito Santo. Pris\u00e3o aconteceu no Bairro Altin\u00f3polis, ap\u00f3s persegui\u00e7\u00e3o policial.<\/strong><\/h4>\n<p>Jackson Cal\u00e9bio Gomes Leal, com mandado de pris\u00e3o em aberto no Estado de Pernambuco (PE), foi preso na noite desta ter\u00e7a-feira (22), em Governador Valadares, no Leste de Minas Gerais. Al\u00e9m de porte ilegal de arma, Jackson estava em um ve\u00edculo roubado.<\/p>\n<p>Nas proximidades do Bairro Altin\u00f3polis, um policial rodovi\u00e1rio federal percebeu que o lacre do ve\u00edculo que trafegava \u00e0 sua frente estava violado. Por meio de um aplicativo de celular o policial descobriu que havia uma queixa de furto em rela\u00e7\u00e3o ao ve\u00edculo e acionou a Pol\u00edcia Militar.<\/p>\n<p><img decoding=\"async\" src=\"http:\/\/aconteceunovale.com.br\/portal\/wp-content\/uploads\/2014\/07\/homem_do_es_preso_gv_23_1.jpg\" alt=\"\" \/><em>(Foto: P\u00e1gina GV Alerta \/ Reprodu\u00e7\u00e3o Facebook)<\/em><br \/>\n<\/br><\/p>\n<p>O ve\u00edculo de cor branca com placas de Linhares (ES), foi visto pela PM e houve persegui\u00e7\u00e3o. De acordo com informa\u00e7\u00f5es que constam no Boletim de Ocorr\u00eancia (BO), \u201co condutor por diversas vezes executou manobras perigosas e por v\u00e1rios momentos quase atropelou pedestres\u201d, diz no BO.<\/p>\n<p>Ao virar na Rua Dez do Bairro Altin\u00f3polis, o suspeito perdeu o controle de dire\u00e7\u00e3o do ve\u00edculo, subiu na cal\u00e7ada e bateu em uma casa. Ainda de acordo com a ocorr\u00eancia o suspeito saltou do carro e tentou fugir a p\u00e9, mas acabou capturado.<\/p>\n<p>Dentro do ve\u00edculo a PM encontrou um rev\u00f3lver calibre 38 com duas muni\u00e7\u00f5es intactas e duas \u201cpicotadas\u201d. Tamb\u00e9m foram encontrados dois pares de farda da Pol\u00edcia do Esp\u00edrito Santo. De acordo com a pol\u00edcia, o suspeito possui vasta ficha criminal, dentre eles, um \u201csequestro rel\u00e2mpago\u201d e roubo a m\u00e3o armada.<\/p>\n<p>Ainda no local, o suspeito contou aos militares que cometeu um assalto em Linhares e roubou um ve\u00edculo que pertencia a um policial militar do estado capixaba. Ele ainda levou uma pistola 380, um colete a prova de balas e os dois pares de farda encontrados no ve\u00edculo.<\/p>\n<p>De acordo com o suspeito, na fuga, ele abandonou o carro roubado do PM e cometeu outro assalto, desta vez a um taxista de quem ele roubou o Colbat de cor branca. Ele tamb\u00e9m contou que teve a ajuda de dois comparsas e entregou o endere\u00e7o da dupla aos militares. O caso foi registrado na Delegacia de Pol\u00edcia de Governador Valadares, para onde o suspeito foi levado. (G1)<\/p>\n<p><img decoding=\"async\" src=\"http:\/\/aconteceunovale.com.br\/portal\/wp-content\/uploads\/2014\/07\/homem_do_es_preso_gv_23_2.jpg\" alt=\"\" \/><em>(Foto: P\u00e1gina GV Alerta \/ Reprodu\u00e7\u00e3o Facebook)<\/em><\/p>\n","protected":false},"excerpt":{"rendered":"<p>Jackson Cal\u00e9bio foi detido com arma e ve\u00edculo roubado no Esp\u00edrito Santo. Pris\u00e3o aconteceu no Bairro Altin\u00f3polis, ap\u00f3s persegui\u00e7\u00e3o policial. Jackson Cal\u00e9bio Gomes Leal, com mandado de pris\u00e3o em aberto no Estado de Pernambuco (PE), foi preso na noite desta ter\u00e7a-feira (22), em Governador Valadares, no Leste de Minas Gerais. Al\u00e9m de porte ilegal de [&hellip;]<\/p>\n","protected":false},"author":1,"featured_media":35670,"comment_status":"open","ping_status":"closed","sticky":false,"template":"","format":"standard","meta":{"amp_status":"","footnotes":""},"categories":[121],"tags":[1018,4484,247,12302,12301,12299,131,12300],"class_list":["post-35669","post","type-post","status-publish","format-standard","has-post-thumbnail","hentry","category-leste","tag-destaque","tag-espirito-santo","tag-governador-valadares","tag-homem-com-mandado-de-prisao-em-pernambuco-e-preso-em-governador-valadares","tag-jackson-calebio-gomes-leal","tag-linhares","tag-minas-gerais","tag-pernambuco"],"_links":{"self":[{"href":"https:\/\/aconteceunovale.com.br\/portal\/index.php?rest_route=\/wp\/v2\/posts\/35669","targetHints":{"allow":["GET"]}}],"collection":[{"href":"https:\/\/aconteceunovale.com.br\/portal\/index.php?rest_route=\/wp\/v2\/posts"}],"about":[{"href":"https:\/\/aconteceunovale.com.br\/portal\/index.php?rest_route=\/wp\/v2\/types\/post"}],"author":[{"embeddable":true,"href":"https:\/\/aconteceunovale.com.br\/portal\/index.php?rest_route=\/wp\/v2\/users\/1"}],"replies":[{"embeddable":true,"href":"https:\/\/aconteceunovale.com.br\/portal\/index.php?rest_route=%2Fwp%2Fv2%2Fcomments&post=35669"}],"version-history":[{"count":0,"href":"https:\/\/aconteceunovale.com.br\/portal\/index.php?rest_route=\/wp\/v2\/posts\/35669\/revisions"}],"wp:featuredmedia":[{"embeddable":true,"href":"https:\/\/aconteceunovale.com.br\/portal\/index.php?rest_route=\/wp\/v2\/media\/35670"}],"wp:attachment":[{"href":"https:\/\/aconteceunovale.com.br\/portal\/index.php?rest_route=%2Fwp%2Fv2%2Fmedia&parent=35669"}],"wp:term":[{"taxonomy":"category","embeddable":true,"href":"https:\/\/aconteceunovale.com.br\/portal\/index.php?rest_route=%2Fwp%2Fv2%2Fcategories&post=35669"},{"taxonomy":"post_tag","embeddable":true,"href":"https:\/\/aconteceunovale.com.br\/portal\/index.php?rest_route=%2Fwp%2Fv2%2Ftags&post=35669"}],"curies":[{"name":"wp","href":"https:\/\/api.w.org\/{rel}","templated":true}]}}