{"id":35666,"date":"2014-07-23T20:55:36","date_gmt":"2014-07-23T23:55:36","guid":{"rendered":"http:\/\/aconteceunovale.com.br\/portal\/?p=35666"},"modified":"2014-07-23T20:55:36","modified_gmt":"2014-07-23T23:55:36","slug":"menor-registrado-como-desaparecido-e-abordado-pela-policia-militar-em-capelinha","status":"publish","type":"post","link":"https:\/\/aconteceunovale.com.br\/portal\/?p=35666","title":{"rendered":"Menor registrado como desaparecido \u00e9 abordado pela Pol\u00edcia Militar em Capelinha"},"content":{"rendered":"<p>Um adolescente de 16 anos, registrado como desaparecido e com extenso registro criminal, foi abordado na tarde de ter\u00e7a-feira, 22 de julho, durante patrulhamento de rotina da Pol\u00edcia Militar, no Bairro Maria L\u00facia, em Capelinha\/MG.<\/p>\n<p>De acordo com a Pol\u00edcia Militar, o menor T.H.D.C. foi abordado em atitude suspeita, ap\u00f3s mudar repentinamente de dire\u00e7\u00e3o ao avistar a viatura. Ele estava na companhia de R.M.S., de 21 anos, que j\u00e1 tem passagens por furto. Os dois se conheceram h\u00e1 tr\u00eas dias antes da abordagem, quando o menor teria chegado \u00e0 cidade fugindo de uma suposta amea\u00e7a de morte de traficantes da Regi\u00e3o Metropolitana de Belo Horizonte.<\/p>\n<p><img decoding=\"async\" src=\"http:\/\/aconteceunovale.com.br\/portal\/wp-content\/uploads\/2014\/07\/menor_abordado_capelinha_1.jpg\" alt=\"\" \/><em>(O menor foi abordado pela Pol\u00edcia Militar no Bairro Maria L\u00facia &#8211; Foto: Divulga\u00e7\u00e3o)<\/em><br \/>\n<\/br><\/p>\n<p>Em consulta ao Sistema ISP (Sistema Integrado de Defesa Social), os militares constaram que o nome do adolescente estava registrado como desaparecido. Ainda segundo a PM, o menor relatou que possu\u00eda uma s\u00e9rie de infra\u00e7\u00f5es penais em seu desfavor, como: tr\u00e1fico de drogas, homic\u00eddio, roubo, furto, uso de drogas, dentre outros delitos, e que teria cumprindo medida socioeducativa na cidade de Betim\/MG. O nome dele foi consultado no Sistema REDS, sendo encontrados in\u00fameros registros onde o menor figura como autor (menor em conflito com a lei).<\/p>\n<p>Diante da situa\u00e7\u00e3o, a genitora foi acionada a acompanhar o menor na Delegacia de Pol\u00edcia Civil para demais provid\u00eancias.<\/p>\n","protected":false},"excerpt":{"rendered":"<p>Um adolescente de 16 anos, registrado como desaparecido e com extenso registro criminal, foi abordado na tarde de ter\u00e7a-feira, 22 de julho, durante patrulhamento de rotina da Pol\u00edcia Militar, no Bairro Maria L\u00facia, em Capelinha\/MG. De acordo com a Pol\u00edcia Militar, o menor T.H.D.C. foi abordado em atitude suspeita, ap\u00f3s mudar repentinamente de dire\u00e7\u00e3o ao [&hellip;]<\/p>\n","protected":false},"author":1,"featured_media":35667,"comment_status":"open","ping_status":"closed","sticky":false,"template":"","format":"standard","meta":{"amp_status":"","footnotes":""},"categories":[120],"tags":[194,132,12296,12295,12297,12298],"class_list":["post-35666","post","type-post","status-publish","format-standard","has-post-thumbnail","hentry","category-jequi","tag-belo-horizonte","tag-capelinha","tag-mateus-leme","tag-menor-registrado-como-desaparecido-e-abordado-pela-policia-militar-em-capelinha","tag-reginaldo-martins-de-souza","tag-thiago-henric-dias-campos"],"_links":{"self":[{"href":"https:\/\/aconteceunovale.com.br\/portal\/index.php?rest_route=\/wp\/v2\/posts\/35666","targetHints":{"allow":["GET"]}}],"collection":[{"href":"https:\/\/aconteceunovale.com.br\/portal\/index.php?rest_route=\/wp\/v2\/posts"}],"about":[{"href":"https:\/\/aconteceunovale.com.br\/portal\/index.php?rest_route=\/wp\/v2\/types\/post"}],"author":[{"embeddable":true,"href":"https:\/\/aconteceunovale.com.br\/portal\/index.php?rest_route=\/wp\/v2\/users\/1"}],"replies":[{"embeddable":true,"href":"https:\/\/aconteceunovale.com.br\/portal\/index.php?rest_route=%2Fwp%2Fv2%2Fcomments&post=35666"}],"version-history":[{"count":0,"href":"https:\/\/aconteceunovale.com.br\/portal\/index.php?rest_route=\/wp\/v2\/posts\/35666\/revisions"}],"wp:featuredmedia":[{"embeddable":true,"href":"https:\/\/aconteceunovale.com.br\/portal\/index.php?rest_route=\/wp\/v2\/media\/35667"}],"wp:attachment":[{"href":"https:\/\/aconteceunovale.com.br\/portal\/index.php?rest_route=%2Fwp%2Fv2%2Fmedia&parent=35666"}],"wp:term":[{"taxonomy":"category","embeddable":true,"href":"https:\/\/aconteceunovale.com.br\/portal\/index.php?rest_route=%2Fwp%2Fv2%2Fcategories&post=35666"},{"taxonomy":"post_tag","embeddable":true,"href":"https:\/\/aconteceunovale.com.br\/portal\/index.php?rest_route=%2Fwp%2Fv2%2Ftags&post=35666"}],"curies":[{"name":"wp","href":"https:\/\/api.w.org\/{rel}","templated":true}]}}