{"id":35658,"date":"2014-07-23T19:13:25","date_gmt":"2014-07-23T22:13:25","guid":{"rendered":"http:\/\/aconteceunovale.com.br\/portal\/?p=35658"},"modified":"2014-07-23T19:13:25","modified_gmt":"2014-07-23T22:13:25","slug":"morre-no-recife-aos-87-anos-o-escritor-ariano-suassuna","status":"publish","type":"post","link":"https:\/\/aconteceunovale.com.br\/portal\/?p=35658","title":{"rendered":"Morre no Recife, aos 87 anos, o escritor Ariano Suassuna"},"content":{"rendered":"<h4><strong>Ele sofreu um AVC na noite de segunda-feira e passou por cirurgia. Nascido na Para\u00edba, ele vivia no Recife desde 1942.<\/strong><\/h4>\n<p>Morreu no Recife, nesta quarta-feira, 23 de julho, o escritor, dramaturgo e poeta paraibano Ariano Suassuna, aos 87 anos. Ele estava internado desde a noite de segunda (21) na Unidade de Terapia Intensiva (UTI) do Hospital Portugu\u00eas, onde foi submetido a uma cirurgia na mesma noite ap\u00f3s sofrer um acidente vascular cerebral (AVC) do tipo hemorr\u00e1gico. Segundo boletim m\u00e9dico, o escritor faleceu \u00e0s 17h15. &#8220;O paciente teve uma parada card\u00edaca provocada pela hipertens\u00e3o intracraniana&#8221;. A fam\u00edlia ainda n\u00e3o informou os detalhes do funeral.<\/p>\n<p>A cirurgia da segunda foi feita para a coloca\u00e7\u00e3o de dois drenos na tentativa de controlar a press\u00e3o intracraniana. Na noite de ter\u00e7a-feira (22), o quadro dele se agravou, devido a &#8220;queda da press\u00e3o arterial e press\u00e3o intracraniana muito elevada&#8221;, conforme foi informado em boletim.<\/p>\n<p><img decoding=\"async\" src=\"http:\/\/aconteceunovale.com.br\/portal\/wp-content\/uploads\/2014\/07\/ariano_suassuna_morre.jpg\" alt=\"\" \/><strong><em>Na aula-espet\u00e1culo que ministrou no Festival de Inverno de Garanhuns, na semana passada, mais uma vez Ariano misturou causos, informa\u00e7\u00f5es sobre elementos da cultura popular nordestina; o grupo Arraial foi o convidado para os n\u00fameros de m\u00fasica e dan\u00e7a &#8211; Foto: Costa Neto \/ Secretaria de Cultura de Pernambuco<\/em><\/strong><br \/>\n<\/br><\/p>\n<p>Em 2013, Ariano foi internado duas vezes. A primeira delas em 21 de agosto, quando sentiu-se mal ap\u00f3s sofrer um infarto agudo do mioc\u00e1rdio de pequenas propor\u00e7\u00f5es, de acordo com os m\u00e9dicos, e ficou internado na unidade coron\u00e1ria, mas depois foi transferido para um apartamento no hospital. Recebeu alta ap\u00f3s seis dias, com recomenda\u00e7\u00e3o de repouso e nenhuma visita.<\/p>\n<p>Dias depois, um aneurisma cerebral o levou de volta ao hospital. Uma arteriografia foi feita para tratamento e ele saiu da UTI para um apartamento do hospital, de onde recebeu alta seis dias depois da interna\u00e7\u00e3o, no dia 4 de setembro.<\/p>\n<h4><strong>Ativo at\u00e9 o fim<\/strong><\/h4>\n<p>Ariano Suassuna nasceu em 16 de junho de 1927, em Jo\u00e3o Pessoa, e cresceu no Sert\u00e3o paraibano. Mudou-se com a fam\u00edlia para o Recife em 1942. Mesmo com os problemas na sa\u00fade, ele permanecia em plena atividade profissional. &#8220;No Sert\u00e3o do Nordeste a morte tem nome, chama-se Caetana. Se ela est\u00e1 pensando em me levar, n\u00e3o pense que vai ser f\u00e1cil, n\u00e3o. Ela vai suar! Se vier com essas besteirinhas de infarto e aneurisma no c\u00e9rebro, isso eu tiro de letra&#8221;, disse ele, em dezembro de 2013, durante a retomada de suas aulas-espet\u00e1culo.<\/p>\n<p>Em mar\u00e7o deste ano, Ariano foi homenageado pelo maior bloco do mundo, o Galo da Madrugada.  Ele pediu que a decora\u00e7\u00e3o fosse feita nas cores do Sport, vermelho e preto, e ficou muito contente com a homenagem. \u201cEu acho o futebol uma manifesta\u00e7\u00e3o cultural que tem muitas liga\u00e7\u00f5es com o carnaval\u201d, disse, na ocasi\u00e3o.<\/p>\n<p>No mesmo m\u00eas, o escritor concedeu uma entrevista \u00e0 TV Globo Nordeste sobre a finaliza\u00e7\u00e3o de seu novo livro, \u201cO jumento sedutor\u201d. Os manuscritos come\u00e7aram a ser trabalhados h\u00e1 mais de trinta anos.<\/p>\n<p>Na \u00faltima sexta-feira, Suassuna apresentou uma aula espet\u00e1culo no teatro Luiz Souto Dourado, em Garanhuns, durante o Festival de Inverno. No carnaval do pr\u00f3ximo ano, o autor paraibano deve ser homenageado pela escola de samba Unidos de Padre Miguel, do Rio de Janeiro.<\/p>\n<h4><strong>Obra<\/strong><\/h4>\n<p>A primeira pe\u00e7a do escritor, &#8220;Uma mulher vestida de sol&#8221;, ganhou o pr\u00eamio Nicolau Carlos Magno em 1948. Ariano escreveu um de seus maiores cl\u00e1ssicos, &#8220;O Auto da Compadecida&#8221;, em 1955, cinco anos depois de se formar em direito. A pe\u00e7a foi apresentada pela primeira vez no Recife, em 1957, no Teatro de Santa Isabel, sem grande sucesso, explodindo nacionalmente apenas quando foi encenada \u2013 e ganhou o pr\u00eamio \u2013 no Festival de Estudantes do Rio de Janeiro, no Teatro Dulcina. A obra \u00e9 considerada a mais famosa dele, devido \u00e0s diversas adapta\u00e7\u00f5es. Guel Arraes levou o \u201cAuto\u201d \u00e0 TV e ao cinema em 1999.<\/p>\n<p>O escritor considera que seu melhor livro \u00e9 o \u201cRomance d&#8217;A Pedra do Reino e o pr\u00edncipe do sangue do vai-e-volta\u201d. A obra come\u00e7ou a ser produzida em 1958 e levou 12 anos para ficar pronta. Foi adaptada por Luiz Fernando Carvalho e exibida pela Rede Globo em 2007, com o nome de &#8220;A pedra do reino&#8221;.<\/p>\n<p>Na d\u00e9cada de 70, Ariano come\u00e7ou a articular o Movimento Armorial, que defendeu a cria\u00e7\u00e3o de uma arte erudita nordestina a partir de suas ra\u00edzes populares. Ele tamb\u00e9m foi membro-fundador do Conselho Nacional de Cultura.<\/p>\n<p>Ap\u00f3s 32 anos nas salas de aula, Suassuna se aposentou do cargo de professor da Universidade Federal de Pernambuco, em 1989. O per\u00edodo tamb\u00e9m ficou marcado pelo reconhecimento nacional do escritor \u2013 Ariano tomou posse na cadeira 32 da Academia Brasileira de Letras (ABL), no Rio de Janeiro, em 1990.  (G1)<\/p>\n","protected":false},"excerpt":{"rendered":"<p>Ele sofreu um AVC na noite de segunda-feira e passou por cirurgia. Nascido na Para\u00edba, ele vivia no Recife desde 1942. Morreu no Recife, nesta quarta-feira, 23 de julho, o escritor, dramaturgo e poeta paraibano Ariano Suassuna, aos 87 anos. Ele estava internado desde a noite de segunda (21) na Unidade de Terapia Intensiva (UTI) [&hellip;]<\/p>\n","protected":false},"author":1,"featured_media":35659,"comment_status":"open","ping_status":"closed","sticky":false,"template":"","format":"standard","meta":{"amp_status":"","footnotes":""},"categories":[6],"tags":[12290,12287,12286,12288,12289],"class_list":["post-35658","post","type-post","status-publish","format-standard","has-post-thumbnail","hentry","category-br","tag-enterro-do-escritor-ariano-suassuna","tag-escritor-ariano-suassuna","tag-morre-no-recife-aos-87-anos-o-escritor-ariano-suassuna","tag-morte-do-escritor-ariano-suassuna","tag-velorio-do-escritor-ariano-suassuna"],"_links":{"self":[{"href":"https:\/\/aconteceunovale.com.br\/portal\/index.php?rest_route=\/wp\/v2\/posts\/35658","targetHints":{"allow":["GET"]}}],"collection":[{"href":"https:\/\/aconteceunovale.com.br\/portal\/index.php?rest_route=\/wp\/v2\/posts"}],"about":[{"href":"https:\/\/aconteceunovale.com.br\/portal\/index.php?rest_route=\/wp\/v2\/types\/post"}],"author":[{"embeddable":true,"href":"https:\/\/aconteceunovale.com.br\/portal\/index.php?rest_route=\/wp\/v2\/users\/1"}],"replies":[{"embeddable":true,"href":"https:\/\/aconteceunovale.com.br\/portal\/index.php?rest_route=%2Fwp%2Fv2%2Fcomments&post=35658"}],"version-history":[{"count":0,"href":"https:\/\/aconteceunovale.com.br\/portal\/index.php?rest_route=\/wp\/v2\/posts\/35658\/revisions"}],"wp:featuredmedia":[{"embeddable":true,"href":"https:\/\/aconteceunovale.com.br\/portal\/index.php?rest_route=\/wp\/v2\/media\/35659"}],"wp:attachment":[{"href":"https:\/\/aconteceunovale.com.br\/portal\/index.php?rest_route=%2Fwp%2Fv2%2Fmedia&parent=35658"}],"wp:term":[{"taxonomy":"category","embeddable":true,"href":"https:\/\/aconteceunovale.com.br\/portal\/index.php?rest_route=%2Fwp%2Fv2%2Fcategories&post=35658"},{"taxonomy":"post_tag","embeddable":true,"href":"https:\/\/aconteceunovale.com.br\/portal\/index.php?rest_route=%2Fwp%2Fv2%2Ftags&post=35658"}],"curies":[{"name":"wp","href":"https:\/\/api.w.org\/{rel}","templated":true}]}}