{"id":35647,"date":"2014-07-23T18:26:36","date_gmt":"2014-07-23T21:26:36","guid":{"rendered":"http:\/\/aconteceunovale.com.br\/portal\/?p=35647"},"modified":"2014-07-23T18:26:36","modified_gmt":"2014-07-23T21:26:36","slug":"ministerio-publico-instaura-inquerito-para-averiguar-acessibilidade-das-salas-de-cinema-de-valadares","status":"publish","type":"post","link":"https:\/\/aconteceunovale.com.br\/portal\/?p=35647","title":{"rendered":"Minist\u00e9rio P\u00fablico instaura inqu\u00e9rito para averiguar acessibilidade das salas de cinema de Valadares"},"content":{"rendered":"<p>O Minist\u00e9rio P\u00fablico de Minas Gerais (MPMG), por meio da 15\u00aa Promotoria de Justi\u00e7a de Governador Valadares, instaurou Inqu\u00e9rito Civil para apurar as condi\u00e7\u00f5es de acessibilidade das quatro salas de cinema do shopping de Governador Valadares. Den\u00fancias afirmam que os cadeirantes est\u00e3o tendo dificuldades de acompanhar os filmes pelo fato de o local reservado \u00e0s cadeiras de rodas ficar situado muito pr\u00f3ximo \u00e0 tela.<\/p>\n<p>Foi instaurado Inqu\u00e9rito Civil e solicitada per\u00edcia a ser executada por um arquiteto do MPMG especialista no assunto para instru\u00e7\u00e3o do Procedimento Investigat\u00f3rio. Segundo o promotor de Justi\u00e7a L\u00e9lio Braga Calhau, \u201cno passado foi realizada uma per\u00edcia no cinema local e foram realizadas as adequa\u00e7\u00f5es requeridas pelo Minist\u00e9rio P\u00fablico, mas, com a reforma total do lugar, que tinha duas salas e passou a ter quatro, faz-se mais do que necess\u00e1ria uma nova per\u00edcia para avaliar se as normas de acessibilidade est\u00e3o sendo cumpridas\u201d.<\/p>\n<p>Ap\u00f3s a realiza\u00e7\u00e3o da per\u00edcia, o Minist\u00e9rio P\u00fablico avaliar\u00e1 o caso e convidar\u00e1 a empresa administradora das salas de cinema para uma reuni\u00e3o preliminar haja vista que outros temas de interesse comum do Minist\u00e9rio P\u00fablico e da empresa poder\u00e3o ser tratados tamb\u00e9m nessa ocasi\u00e3o. (MPMG)<\/p>\n","protected":false},"excerpt":{"rendered":"<p>O Minist\u00e9rio P\u00fablico de Minas Gerais (MPMG), por meio da 15\u00aa Promotoria de Justi\u00e7a de Governador Valadares, instaurou Inqu\u00e9rito Civil para apurar as condi\u00e7\u00f5es de acessibilidade das quatro salas de cinema do shopping de Governador Valadares. Den\u00fancias afirmam que os cadeirantes est\u00e3o tendo dificuldades de acompanhar os filmes pelo fato de o local reservado \u00e0s [&hellip;]<\/p>\n","protected":false},"author":1,"featured_media":29763,"comment_status":"open","ping_status":"closed","sticky":false,"template":"","format":"standard","meta":{"amp_status":"","footnotes":""},"categories":[121],"tags":[247,12257,12256],"class_list":["post-35647","post","type-post","status-publish","format-standard","has-post-thumbnail","hentry","category-leste","tag-governador-valadares","tag-inquerito-civil-para-apurar-as-condicoes-de-acessibilidade-das-quatro-salas-de-cinema-do-shopping-de-governador-valadares","tag-ministerio-publico-instaura-inquerito-para-averiguar-acessibilidade-das-salas-de-cinema-de-governador-valadares"],"_links":{"self":[{"href":"https:\/\/aconteceunovale.com.br\/portal\/index.php?rest_route=\/wp\/v2\/posts\/35647","targetHints":{"allow":["GET"]}}],"collection":[{"href":"https:\/\/aconteceunovale.com.br\/portal\/index.php?rest_route=\/wp\/v2\/posts"}],"about":[{"href":"https:\/\/aconteceunovale.com.br\/portal\/index.php?rest_route=\/wp\/v2\/types\/post"}],"author":[{"embeddable":true,"href":"https:\/\/aconteceunovale.com.br\/portal\/index.php?rest_route=\/wp\/v2\/users\/1"}],"replies":[{"embeddable":true,"href":"https:\/\/aconteceunovale.com.br\/portal\/index.php?rest_route=%2Fwp%2Fv2%2Fcomments&post=35647"}],"version-history":[{"count":0,"href":"https:\/\/aconteceunovale.com.br\/portal\/index.php?rest_route=\/wp\/v2\/posts\/35647\/revisions"}],"wp:featuredmedia":[{"embeddable":true,"href":"https:\/\/aconteceunovale.com.br\/portal\/index.php?rest_route=\/wp\/v2\/media\/29763"}],"wp:attachment":[{"href":"https:\/\/aconteceunovale.com.br\/portal\/index.php?rest_route=%2Fwp%2Fv2%2Fmedia&parent=35647"}],"wp:term":[{"taxonomy":"category","embeddable":true,"href":"https:\/\/aconteceunovale.com.br\/portal\/index.php?rest_route=%2Fwp%2Fv2%2Fcategories&post=35647"},{"taxonomy":"post_tag","embeddable":true,"href":"https:\/\/aconteceunovale.com.br\/portal\/index.php?rest_route=%2Fwp%2Fv2%2Ftags&post=35647"}],"curies":[{"name":"wp","href":"https:\/\/api.w.org\/{rel}","templated":true}]}}