{"id":35641,"date":"2014-07-23T13:17:58","date_gmt":"2014-07-23T16:17:58","guid":{"rendered":"http:\/\/aconteceunovale.com.br\/portal\/?p=35641"},"modified":"2014-07-23T13:17:58","modified_gmt":"2014-07-23T16:17:58","slug":"ex-prefeito-de-januaria-paga-fianca-de-r-30-mil-e-respondera-processo-em-prisao-domiciliar","status":"publish","type":"post","link":"https:\/\/aconteceunovale.com.br\/portal\/?p=35641","title":{"rendered":"Ex-prefeito de Janu\u00e1ria paga fian\u00e7a de R$ 30 mil e responder\u00e1 processo em pris\u00e3o domiciliar"},"content":{"rendered":"<h4><strong>STF concedeu ao ex-prefeito liminar para pris\u00e3o domiciliar. Arruda deve deixar pres\u00eddio de Contagem nesta quarta-feira (23).<\/strong><\/h4>\n<p>O Tribunal de Justi\u00e7a de Minas Gerais determinou o pagamento R$ 30 mil de fian\u00e7a e o uso de uma tornozeleira eletr\u00f4nica como medida de seguran\u00e7a para que o ex-prefeito de Janu\u00e1ria, Maur\u00edlio Arruda, responda processo criminal em pris\u00e3o domiciliar.<\/p>\n<p>O ex-prefeito, que \u00e9 advogado, est\u00e1 sendo processado criminalmente por ter, supostamente, cometido os crimes de associa\u00e7\u00e3o criminosa e fraude em licita\u00e7\u00e3o.<\/p>\n<p><img decoding=\"async\" src=\"http:\/\/aconteceunovale.com.br\/portal\/wp-content\/uploads\/2014\/07\/arruda_prisao_casa.jpg\" alt=\"\" \/><em>Maur\u00edlio Arruda responder\u00e1 processo em pris\u00e3o domiciliar (Foto: Michelly Oda \/ G1)<\/em><br \/>\n<\/br><\/p>\n<p>Maur\u00edlio Arruda foi detido no dia 30 de maio deste ano na opera\u00e7\u00e3o Exterminadores do Futuro, deflagrada pela Pol\u00edcia Federal e Minist\u00e9rio P\u00fablico Estadual. O ex-gestor j\u00e1 havia sido preso na Opera\u00e7\u00e3o Esopo, em novembro de 2013.<\/p>\n<p>De acordo com decis\u00e3o do juiz da comarca de Janu\u00e1ria, David Pinter Cardoso, expedida nessa ter\u00e7a-feira (22), Maur\u00edlio Arruda dever\u00e1 permanecer em sua pr\u00f3pria resid\u00eancia, em Montes Claros; ficar\u00e1 sob vigil\u00e2ncia policial; ficar\u00e1 obrigado a comparecer aos atos para os quais for convocado; est\u00e1 proibido de manter contato, por qualquer meio, com as testemunhas; e ainda dever\u00e1 entregar seu passaporte.<\/p>\n<p>Segundo o advogado de defesa, Bruno C\u00e2ndido, o juiz de Janu\u00e1ria deu cumprimento da decis\u00e3o e expediu alvar\u00e1 de soltura, assim Maur\u00edlio deve deixar o pres\u00eddio de seguran\u00e7a m\u00e1xima Nelson Hungria, em Contagem, nesta quarta-feira (23).<\/p>\n<p>Sobre as condi\u00e7\u00f5es para o cumprimento da pris\u00e3o domiciliar, impostas pelo juiz da 1\u00aa Vara Criminal da comarca de Janu\u00e1ria, &#8220;a defesa somente ir\u00e1 se manifestar em ju\u00edzo, por raz\u00f5es \u00e9ticas, entendendo que estas quest\u00f5es apenas devem ser abordadas e debatidas dentro dos limites impostos pela legisla\u00e7\u00e3o aplic\u00e1vel&#8221;, afirmou o advogado Bruno C\u00e2ndido em nota.<\/p>\n<p>O ministro Ricardo Lewandowski, no exerc\u00edcio da Presid\u00eancia do Supremo Tribunal Federal, concedeu nessa sexta-feira (18) liminar em Habeas Corpus para que Arruda responda ao processo em pris\u00e3o domiciliar, devido \u00e0 falta de sala de Estado-Maior em Minas Gerais.<\/p>\n<p>A sala do Estado Maior \u00e9 uma sala existente nos quart\u00e9is das For\u00e7as Armadas ou For\u00e7as Auxiliares, onde um advogado pode aguardar o tr\u00e2nsito de um processo.<\/p>\n<p>No dia 7 de julho, Arruda foi transferido para o Complexo Penitenci\u00e1rio Nelson Hungria, em Contagem. Ele teve sua pris\u00e3o preventiva decretada no dia 9 de julho, ap\u00f3s a conclus\u00e3o das investiga\u00e7\u00f5es por desvios de verbas da educa\u00e7\u00e3o. (G1)<\/p>\n","protected":false},"excerpt":{"rendered":"<p>STF concedeu ao ex-prefeito liminar para pris\u00e3o domiciliar. Arruda deve deixar pres\u00eddio de Contagem nesta quarta-feira (23). O Tribunal de Justi\u00e7a de Minas Gerais determinou o pagamento R$ 30 mil de fian\u00e7a e o uso de uma tornozeleira eletr\u00f4nica como medida de seguran\u00e7a para que o ex-prefeito de Janu\u00e1ria, Maur\u00edlio Arruda, responda processo criminal em [&hellip;]<\/p>\n","protected":false},"author":1,"featured_media":35642,"comment_status":"open","ping_status":"closed","sticky":false,"template":"","format":"standard","meta":{"amp_status":"","footnotes":""},"categories":[1236],"tags":[12254,205,8758,210],"class_list":["post-35641","post","type-post","status-publish","format-standard","has-post-thumbnail","hentry","category-norte_de_minas","tag-ex-prefeito-de-januaria-paga-fianca-de-r-30-mil-e-respondera-processo-em-prisao-domiciliar","tag-januaria","tag-maurilio-arruda","tag-montes-claros"],"_links":{"self":[{"href":"https:\/\/aconteceunovale.com.br\/portal\/index.php?rest_route=\/wp\/v2\/posts\/35641","targetHints":{"allow":["GET"]}}],"collection":[{"href":"https:\/\/aconteceunovale.com.br\/portal\/index.php?rest_route=\/wp\/v2\/posts"}],"about":[{"href":"https:\/\/aconteceunovale.com.br\/portal\/index.php?rest_route=\/wp\/v2\/types\/post"}],"author":[{"embeddable":true,"href":"https:\/\/aconteceunovale.com.br\/portal\/index.php?rest_route=\/wp\/v2\/users\/1"}],"replies":[{"embeddable":true,"href":"https:\/\/aconteceunovale.com.br\/portal\/index.php?rest_route=%2Fwp%2Fv2%2Fcomments&post=35641"}],"version-history":[{"count":0,"href":"https:\/\/aconteceunovale.com.br\/portal\/index.php?rest_route=\/wp\/v2\/posts\/35641\/revisions"}],"wp:featuredmedia":[{"embeddable":true,"href":"https:\/\/aconteceunovale.com.br\/portal\/index.php?rest_route=\/wp\/v2\/media\/35642"}],"wp:attachment":[{"href":"https:\/\/aconteceunovale.com.br\/portal\/index.php?rest_route=%2Fwp%2Fv2%2Fmedia&parent=35641"}],"wp:term":[{"taxonomy":"category","embeddable":true,"href":"https:\/\/aconteceunovale.com.br\/portal\/index.php?rest_route=%2Fwp%2Fv2%2Fcategories&post=35641"},{"taxonomy":"post_tag","embeddable":true,"href":"https:\/\/aconteceunovale.com.br\/portal\/index.php?rest_route=%2Fwp%2Fv2%2Ftags&post=35641"}],"curies":[{"name":"wp","href":"https:\/\/api.w.org\/{rel}","templated":true}]}}