{"id":35618,"date":"2014-07-23T11:33:45","date_gmt":"2014-07-23T14:33:45","guid":{"rendered":"http:\/\/aconteceunovale.com.br\/portal\/?p=35618"},"modified":"2014-07-23T11:33:45","modified_gmt":"2014-07-23T14:33:45","slug":"policia-civil-de-governador-valadares-investiga-suposto-golpe-de-advogado-na-cidade","status":"publish","type":"post","link":"https:\/\/aconteceunovale.com.br\/portal\/?p=35618","title":{"rendered":"Pol\u00edcia Civil de Governador Valadares investiga suposto golpe de advogado na cidade"},"content":{"rendered":"<h4><strong>V\u00edtima teria contratado profissional que n\u00e3o compareceu em audi\u00eancia. Ele garante que jamais ouviu falar sobre a v\u00edtima e n\u00e3o sabe do caso.<\/strong><\/h4>\n<p>A Pol\u00edcia Civil de Governador Valadares, no Leste de Minas Gerais, vai investigar uma suposta a\u00e7\u00e3o de estelionato por parte de um advogado na cidade. O caso chamou a aten\u00e7\u00e3o ap\u00f3s a v\u00edtima, uma mulher de 31 anos registrar uma ocorr\u00eancia na manh\u00e3 desta ter\u00e7a-feira.<\/p>\n<p>De acordo com a v\u00edtima, ela procurou um advogado ap\u00f3s descobrir que a filha adolescente de 14 anos estava gr\u00e1vida de um homem de 32 anos. Ele procurou um homem de 40 anos que afirmou ser advogado, mas por n\u00e3o ter inscri\u00e7\u00e3o na Ordem dos Advogados do Brasil (OAB), passaria para outro profissional assinar as peti\u00e7\u00f5es judiciais.<\/p>\n<p>Segundo informa\u00e7\u00f5es que constam no Boletim de Ocorr\u00eancia (BO), o advogado teria recebido das m\u00e3os da v\u00edtima, c\u00f3pias de documentos pessoais da adolescente e uma procura\u00e7\u00e3o assinada para que ele pudesse represent\u00e1-la em ju\u00edzo.<\/p>\n<p>No entanto, no dia 7 de julho, data em que aconteceu uma audi\u00eancia no F\u00f3rum de Valadares, o advogado n\u00e3o compareceu.<\/p>\n<p>\u201cEle me orientou e disse que nesta audi\u00eancia ele n\u00e3o precisaria estar presente. Mas o juiz cobrou a presen\u00e7a dele na ocasi\u00e3o e at\u00e9 telefonou para ele que disse n\u00e3o ter entrado com a\u00e7\u00e3o nenhuma, que n\u00e3o advoga em Valadares e que n\u00e3o tinha conhecimento da causa. S\u00f3 que eu tenho os comprovantes de pagamentos no valor de R$ 300 que fiz a ele e assinados por ele\u201d, garante a v\u00edtima.<\/p>\n<p>O juiz concluiu que o homem que se apresentou com advogado para a v\u00edtima estaria falsificando a assinatura de outro advogado que atua na cidade de Ita\u00fana, na regi\u00e3o centro-oeste de Minas Gerais.<\/p>\n<p>Por telefone, o homem confirmou que \u00e9 advogado, mas que n\u00e3o possui registro na OAB. \u201cEstou em Belo Horizonte resolvendo um caso, mas adianto que desconhe\u00e7o essa pessoa e jamais tive conhecimento deste caso\u201d, afirmou o advogado.<\/p>\n<p>Agora a Pol\u00edcia Civil de Valadares vai investigar se houve um caso de estelionato ou crime de falsidade ideol\u00f3gica. (G1)<\/p>\n","protected":false},"excerpt":{"rendered":"<p>V\u00edtima teria contratado profissional que n\u00e3o compareceu em audi\u00eancia. Ele garante que jamais ouviu falar sobre a v\u00edtima e n\u00e3o sabe do caso. A Pol\u00edcia Civil de Governador Valadares, no Leste de Minas Gerais, vai investigar uma suposta a\u00e7\u00e3o de estelionato por parte de um advogado na cidade. O caso chamou a aten\u00e7\u00e3o ap\u00f3s a [&hellip;]<\/p>\n","protected":false},"author":1,"featured_media":30467,"comment_status":"open","ping_status":"closed","sticky":false,"template":"","format":"standard","meta":{"amp_status":"","footnotes":""},"categories":[121],"tags":[247,12240,12239],"class_list":["post-35618","post","type-post","status-publish","format-standard","has-post-thumbnail","hentry","category-leste","tag-governador-valadares","tag-policia-civil-de-governador-valadares-investiga-suposto-golpe-de-advogado-na-cidade","tag-policia-civil-de-valadares-investiga-suposto-golpe-de-advogado-na-cidade"],"_links":{"self":[{"href":"https:\/\/aconteceunovale.com.br\/portal\/index.php?rest_route=\/wp\/v2\/posts\/35618","targetHints":{"allow":["GET"]}}],"collection":[{"href":"https:\/\/aconteceunovale.com.br\/portal\/index.php?rest_route=\/wp\/v2\/posts"}],"about":[{"href":"https:\/\/aconteceunovale.com.br\/portal\/index.php?rest_route=\/wp\/v2\/types\/post"}],"author":[{"embeddable":true,"href":"https:\/\/aconteceunovale.com.br\/portal\/index.php?rest_route=\/wp\/v2\/users\/1"}],"replies":[{"embeddable":true,"href":"https:\/\/aconteceunovale.com.br\/portal\/index.php?rest_route=%2Fwp%2Fv2%2Fcomments&post=35618"}],"version-history":[{"count":0,"href":"https:\/\/aconteceunovale.com.br\/portal\/index.php?rest_route=\/wp\/v2\/posts\/35618\/revisions"}],"wp:featuredmedia":[{"embeddable":true,"href":"https:\/\/aconteceunovale.com.br\/portal\/index.php?rest_route=\/wp\/v2\/media\/30467"}],"wp:attachment":[{"href":"https:\/\/aconteceunovale.com.br\/portal\/index.php?rest_route=%2Fwp%2Fv2%2Fmedia&parent=35618"}],"wp:term":[{"taxonomy":"category","embeddable":true,"href":"https:\/\/aconteceunovale.com.br\/portal\/index.php?rest_route=%2Fwp%2Fv2%2Fcategories&post=35618"},{"taxonomy":"post_tag","embeddable":true,"href":"https:\/\/aconteceunovale.com.br\/portal\/index.php?rest_route=%2Fwp%2Fv2%2Ftags&post=35618"}],"curies":[{"name":"wp","href":"https:\/\/api.w.org\/{rel}","templated":true}]}}