{"id":35614,"date":"2014-07-23T11:28:40","date_gmt":"2014-07-23T14:28:40","guid":{"rendered":"http:\/\/aconteceunovale.com.br\/portal\/?p=35614"},"modified":"2014-07-23T11:28:40","modified_gmt":"2014-07-23T14:28:40","slug":"prefeitura-de-aricanduva-anuncia-obra-de-fechamento-do-parque-de-exposicoes","status":"publish","type":"post","link":"https:\/\/aconteceunovale.com.br\/portal\/?p=35614","title":{"rendered":"Prefeitura de Aricanduva anuncia obra de Fechamento do Parque de Exposi\u00e7\u00f5es"},"content":{"rendered":"<p>Com recursos pr\u00f3prios do tesouro Municipal, a Prefeitura de Aricanduva, vai realizar o fechamento do Parque de Exposi\u00e7\u00f5es Jos\u00e9 de Carvalho, no Bairro Alvorada. A obra tem o custo de 98.441,71 (noventa e oito mil, quatrocentos e quarenta e um reais e setenta e um centavos) e prev\u00ea o fechamento de 100% do entorno do parque, incluindo o assentamento de port\u00f5es e pintura. Ao todo, s\u00e3o mais de 360 metros de de extens\u00e3o do muro com a altura de 2,10.<\/p>\n<p><img decoding=\"async\" src=\"http:\/\/aconteceunovale.com.br\/portal\/wp-content\/uploads\/2014\/07\/parque_exposicoes_aricanduva_1.jpg\" alt=\"\" \/><em>(Foto: Divulga\u00e7\u00e3o \/ Prefeitura Municipal de Aricanduva)<\/em><br \/>\n<\/br><\/p>\n<p>De acordo com informa\u00e7\u00f5es do Setor de engenharia da Prefeitura, o projeto segue as normas do Corpo de Bombeiros, com capacidade m\u00e1xima para mais de 9.500 pessoas. A empresa ganhadora da Licita\u00e7\u00e3o, IM Construtora, ter\u00e1 30 dias para executar o servi\u00e7o. E expectativa \u00e9 que na pr\u00f3xima semana, seja dada a ordem de servi\u00e7o.<\/p>\n<p>Para a Prefeita de Aricanduva, Maria Arlete, a obra \u00e9 fruto da gest\u00e3o dos recursos do munic\u00edpio e muito importante para os cidad\u00e3os. &#8220;Essa obra, vai garantir a preserva\u00e7\u00e3o do patrim\u00f4nio de nosso munic\u00edpio al\u00e9m de proporcionar mais conforto, seguran\u00e7a em nossos eventos&#8221;, garantiu a Prefeita.<\/p>\n<h4><strong>Um pouco de Hist\u00f3ria <\/strong><\/h4>\n<p><img decoding=\"async\" src=\"http:\/\/aconteceunovale.com.br\/portal\/wp-content\/uploads\/2014\/07\/parque_exposicoes_aricanduva_2.jpg\" alt=\"\" \/><em>(Foto: Divulga\u00e7\u00e3o \/ Prefeitura Municipal de Aricanduva)<\/em><br \/>\n<\/br><\/p>\n<p>O Parque de Exposi\u00e7\u00f5es Jos\u00e9 de Carvalho foi criado no ano de 1997, pela ent\u00e3o Prefeita Maria Alexandrina Cordeiro. A necessidade desse centro de Eventos, surgiu com a realiza\u00e7\u00e3o da Tradicional Festa do Pe\u00e3o de Aricanduva, que acontece h\u00e1 13 anos. <\/p>\n<p>Um ano ap\u00f3s a cria\u00e7\u00e3o, o seu fechamento foi realizado com placas de pr\u00e9-moldado. O tempo deteriorou o muro, e ent\u00e3o houve a necessidade de construir um novo muro. <\/p>\n<p>Atualmente, al\u00e9m de ser o palco da Festa do Pe\u00e3o, outros eventos tamb\u00e9m s\u00e3o realizados nele como \u00e9 o caso da Festa dos Cavaleiros que \u00e9 realizada pelo Centro Comunit\u00e1rio Cultural Desportivo de Aricanduva. <\/p>\n<p><em>(Ascom da Prefeitura de Aricanduva)<\/em><\/p>\n","protected":false},"excerpt":{"rendered":"<p>Com recursos pr\u00f3prios do tesouro Municipal, a Prefeitura de Aricanduva, vai realizar o fechamento do Parque de Exposi\u00e7\u00f5es Jos\u00e9 de Carvalho, no Bairro Alvorada. A obra tem o custo de 98.441,71 (noventa e oito mil, quatrocentos e quarenta e um reais e setenta e um centavos) e prev\u00ea o fechamento de 100% do entorno do [&hellip;]<\/p>\n","protected":false},"author":1,"featured_media":35615,"comment_status":"open","ping_status":"closed","sticky":false,"template":"","format":"standard","meta":{"amp_status":"","footnotes":""},"categories":[120],"tags":[551,12238,12237],"class_list":["post-35614","post","type-post","status-publish","format-standard","has-post-thumbnail","hentry","category-jequi","tag-aricanduva","tag-obra-de-fechamento-do-parque-de-exposicoes-de-aricanduva","tag-prefeitura-de-aricanduva-anuncia-obra-de-fechamento-do-parque-de-exposicoes"],"_links":{"self":[{"href":"https:\/\/aconteceunovale.com.br\/portal\/index.php?rest_route=\/wp\/v2\/posts\/35614","targetHints":{"allow":["GET"]}}],"collection":[{"href":"https:\/\/aconteceunovale.com.br\/portal\/index.php?rest_route=\/wp\/v2\/posts"}],"about":[{"href":"https:\/\/aconteceunovale.com.br\/portal\/index.php?rest_route=\/wp\/v2\/types\/post"}],"author":[{"embeddable":true,"href":"https:\/\/aconteceunovale.com.br\/portal\/index.php?rest_route=\/wp\/v2\/users\/1"}],"replies":[{"embeddable":true,"href":"https:\/\/aconteceunovale.com.br\/portal\/index.php?rest_route=%2Fwp%2Fv2%2Fcomments&post=35614"}],"version-history":[{"count":0,"href":"https:\/\/aconteceunovale.com.br\/portal\/index.php?rest_route=\/wp\/v2\/posts\/35614\/revisions"}],"wp:featuredmedia":[{"embeddable":true,"href":"https:\/\/aconteceunovale.com.br\/portal\/index.php?rest_route=\/wp\/v2\/media\/35615"}],"wp:attachment":[{"href":"https:\/\/aconteceunovale.com.br\/portal\/index.php?rest_route=%2Fwp%2Fv2%2Fmedia&parent=35614"}],"wp:term":[{"taxonomy":"category","embeddable":true,"href":"https:\/\/aconteceunovale.com.br\/portal\/index.php?rest_route=%2Fwp%2Fv2%2Fcategories&post=35614"},{"taxonomy":"post_tag","embeddable":true,"href":"https:\/\/aconteceunovale.com.br\/portal\/index.php?rest_route=%2Fwp%2Fv2%2Ftags&post=35614"}],"curies":[{"name":"wp","href":"https:\/\/api.w.org\/{rel}","templated":true}]}}