{"id":35606,"date":"2014-07-23T10:40:56","date_gmt":"2014-07-23T13:40:56","guid":{"rendered":"http:\/\/aconteceunovale.com.br\/portal\/?p=35606"},"modified":"2014-07-23T10:40:56","modified_gmt":"2014-07-23T13:40:56","slug":"prefeitura-de-montes-claros-entra-na-justica-para-garantir-abastecimento-de-agua","status":"publish","type":"post","link":"https:\/\/aconteceunovale.com.br\/portal\/?p=35606","title":{"rendered":"Prefeitura de Montes Claros entra na Justi\u00e7a para garantir abastecimento de \u00e1gua"},"content":{"rendered":"<h4><strong>Executivo processa Dnocs e Codevasf para que sejam obrigados a distribuir a comunidades que sofrem com a estiagem canos e caixas d&#8217;\u00e1gua estocados em suas unidades<\/strong><\/h4>\n<p>O prefeito de Montes Claros, Ruy Muniz (PRB), anunciou nessa ter\u00e7a-feira (22) que prop\u00f4s uma a\u00e7\u00e3o contra o Departamento Nacional de Obras contra a Seca (Dnocs) e a Companhia de Desenvolvimento dos Vales S\u00e3o Francisco e do Parana\u00edba (Codevasf), para que os dois \u00f3rg\u00e3os federais sejam obrigados a distribuir equipamentos para implanta\u00e7\u00e3o de sistemas de abastecimento de \u00e1gua que est\u00e3o estocados nos seus galp\u00f5es.<\/p>\n<p><img decoding=\"async\" src=\"http:\/\/aconteceunovale.com.br\/portal\/wp-content\/uploads\/2014\/07\/caixas_dagua_moc_23.jpg\" alt=\"\" \/><em>Caixas d&#8217;\u00e1gua estocadas no Dnocs n\u00e3o podem ser distribu\u00eddas por causa da lei eleitoral, o que complica a vida de moradores de Montes Claros &#8211; Foto: Danilo Evangelista \/ Estado de Minas<\/em><br \/>\n<\/br><\/p>\n<p>De acordo com a lei eleitoral, esses equipamentos s\u00f3 podem ser fornecidos para comunidades neste per\u00edodo se a prefeitura decretar estado de emerg\u00eancia. Segundo Muniz, isso foi feito em Montes Claros, mas o Minist\u00e9rio da Integra\u00e7\u00e3o Nacional desconheceu o decreto. Na a\u00e7\u00e3o, denominada de \u201cobriga\u00e7\u00e3o de fazer\u201d, Muniz pede ainda que seja concedida a tutela antecipada que permitiria acesso imediato a cerca de 600 mil metros de canos, 200 caixas d\u2019\u00e1gua, bombas e tubos, essenciais para as obras contra a estiagem, que est\u00e3o estocados no Dnocs e na Codevasf. O material beneficiaria pessoas como a catadora Vanir Dias, que \u00e9 obrigada estocar \u00e1gua na lata porque n\u00e3o tem uma caixa d\u2019\u00e1gua.<\/p>\n<p>Ruy Muniz explicou que, no munic\u00edpio de Montes Claros, que tem 3,6 mil quil\u00f4metros quadrados, apenas 100 quil\u00f4metros quadrados s\u00e3o ocupados pela sede, enquanto todo o restante \u00e9 zona rural que foi duramente atingida pela seca. \u201cEstamos enfrentando a falta de chuvas desde agosto, ou seja, h\u00e1 praticamente um ano. O decreto de emerg\u00eancia foi feito em setembro e n\u00e3o foi homologado pelo governo federal. Nesse per\u00edodo, dever\u00edamos ter tido 1,2 mil mil\u00edmetros de chuva, mas foram registrados apenas entre 650 e 700 mil\u00edmetros\u201d, explica o prefeito.<\/p>\n<p>Pelas contas de Muniz, a prefeitura j\u00e1 gastou cerca de R$ 700 mil apenas com a compra de caminh\u00f5es-pipas para amenizar a grave situa\u00e7\u00e3o de comunidades rurais do munic\u00edpio, onde est\u00e3o concentradas 5% de toda a popula\u00e7\u00e3o do munic\u00edpio. \u201cCada caminh\u00e3o custa aos cofres p\u00fablicos R$ 10 mil. O nosso preju\u00edzo total, considerando inclusive a perda da produ\u00e7\u00e3o, j\u00e1 chega na casa dos R$ 50 milh\u00f5es\u201d, afirma Muniz. Na a\u00e7\u00e3o, o prefeito pede tamb\u00e9m que, caso haja a concess\u00e3o a tutela antecipada, um representante do Minist\u00e9rio P\u00fablico Federal seja nomeado para acompanhar a distribui\u00e7\u00e3o do material estocado.<\/p>\n<h4><strong>Reuni\u00e3o<\/strong><\/h4>\n<p>A seca atinge v\u00e1rias regi\u00f5es de Minas, mas \u00e9 no Norte que ela \u00e9 mais grave e onde est\u00e1 a maioria dos 133 munic\u00edpios que decretaram estado de emerg\u00eancia. Na segunda-feira, houve inclusive reuni\u00e3o com 12 prefeitos de cidades que integram a Bacia do S\u00e3o Francisco. \u201cEm raz\u00e3o da grande seca, estamos pedindo \u00e0 Cemig que seja aberta a comporta da represa de Tr\u00eas Marias, j\u00e1 que em v\u00e1rios trechos do Rio S\u00e3o Francisco o baixo n\u00edvel das \u00e1guas e as dunas ao longo do leito est\u00e3o impedindo a navega\u00e7\u00e3o. \u201cPrecisamos da ado\u00e7\u00e3o dessa medida de imediato\u201d, defendeu o prefeito de Montes Claros.<\/p>\n<p>Al\u00e9m de Montes Claros, o munic\u00edpio de Espinosa, castigado pela seca, tamb\u00e9m est\u00e1 impedido de receber os benef\u00edcios das obras contra a estiagem. Para a cidade, foram aprovados, mas est\u00e3o embargados por falta do decreto de emerg\u00eancia, projetos da Codevasf de distribui\u00e7\u00e3o de 4,8 mil metros de tubos e o envio de duas patrulhas mecanizadas, que incluem tratores e maquin\u00e1rio usado pelos pequenos agricultores para produzir ra\u00e7\u00e3o para os rebanhos, diante a falta de pastagem. Para Montes Claros, seriam destinados 43,2 mil metros de canos, 21 bombas submersas, al\u00e9m de 24 caixas d\u2019\u00e1gua. <\/p>\n<p><strong><em>(Estado de Minas)<\/em><\/strong><\/p>\n","protected":false},"excerpt":{"rendered":"<p>Executivo processa Dnocs e Codevasf para que sejam obrigados a distribuir a comunidades que sofrem com a estiagem canos e caixas d&#8217;\u00e1gua estocados em suas unidades O prefeito de Montes Claros, Ruy Muniz (PRB), anunciou nessa ter\u00e7a-feira (22) que prop\u00f4s uma a\u00e7\u00e3o contra o Departamento Nacional de Obras contra a Seca (Dnocs) e a Companhia [&hellip;]<\/p>\n","protected":false},"author":1,"featured_media":35607,"comment_status":"open","ping_status":"closed","sticky":false,"template":"","format":"standard","meta":{"amp_status":"","footnotes":""},"categories":[1236],"tags":[1018,12228,210,12227,4616],"class_list":["post-35606","post","type-post","status-publish","format-standard","has-post-thumbnail","hentry","category-norte_de_minas","tag-destaque","tag-executivo-processa-dnocs-e-codevasf-para-que-sejam-obrigados-a-distribuir-a-comunidades-que-sofrem-com-a-estiagem-canos-e-caixas-dagua-estocados-em-suas-unidades","tag-montes-claros","tag-prefeitura-de-montes-claros-entra-na-justica-para-garantir-abastecimento-de-agua","tag-ruy-muniz"],"_links":{"self":[{"href":"https:\/\/aconteceunovale.com.br\/portal\/index.php?rest_route=\/wp\/v2\/posts\/35606","targetHints":{"allow":["GET"]}}],"collection":[{"href":"https:\/\/aconteceunovale.com.br\/portal\/index.php?rest_route=\/wp\/v2\/posts"}],"about":[{"href":"https:\/\/aconteceunovale.com.br\/portal\/index.php?rest_route=\/wp\/v2\/types\/post"}],"author":[{"embeddable":true,"href":"https:\/\/aconteceunovale.com.br\/portal\/index.php?rest_route=\/wp\/v2\/users\/1"}],"replies":[{"embeddable":true,"href":"https:\/\/aconteceunovale.com.br\/portal\/index.php?rest_route=%2Fwp%2Fv2%2Fcomments&post=35606"}],"version-history":[{"count":0,"href":"https:\/\/aconteceunovale.com.br\/portal\/index.php?rest_route=\/wp\/v2\/posts\/35606\/revisions"}],"wp:featuredmedia":[{"embeddable":true,"href":"https:\/\/aconteceunovale.com.br\/portal\/index.php?rest_route=\/wp\/v2\/media\/35607"}],"wp:attachment":[{"href":"https:\/\/aconteceunovale.com.br\/portal\/index.php?rest_route=%2Fwp%2Fv2%2Fmedia&parent=35606"}],"wp:term":[{"taxonomy":"category","embeddable":true,"href":"https:\/\/aconteceunovale.com.br\/portal\/index.php?rest_route=%2Fwp%2Fv2%2Fcategories&post=35606"},{"taxonomy":"post_tag","embeddable":true,"href":"https:\/\/aconteceunovale.com.br\/portal\/index.php?rest_route=%2Fwp%2Fv2%2Ftags&post=35606"}],"curies":[{"name":"wp","href":"https:\/\/api.w.org\/{rel}","templated":true}]}}