{"id":35591,"date":"2014-07-23T10:16:12","date_gmt":"2014-07-23T13:16:12","guid":{"rendered":"http:\/\/aconteceunovale.com.br\/portal\/?p=35591"},"modified":"2014-07-23T10:16:12","modified_gmt":"2014-07-23T13:16:12","slug":"morre-um-dos-ocupantes-do-carro-que-capotou-apos-uma-ultrapassagem-na-br-116-em-valadares","status":"publish","type":"post","link":"https:\/\/aconteceunovale.com.br\/portal\/?p=35591","title":{"rendered":"Morre um dos ocupantes do carro que capotou ap\u00f3s uma ultrapassagem na BR-116, em Valadares"},"content":{"rendered":"<p>Um acidente envolvendo dois carros de passeio e sete pessoas na tarde da \u00faltima segunda-feira, 21, causou a morte de uma mulher. Maria de F\u00e1tima Santana, de 59 anos, estava em um Corsa que capotou quatro vezes antes de cair em uma rua abaixo da BR-116, ap\u00f3s o condutor do ve\u00edculo perder o controle da dire\u00e7\u00e3o enquanto tentava realizar uma ultrapassagem em alta velocidade.<\/p>\n<p>Conforme divulgado anteriormente pelo Aconteceu no Vale, <a href=\"http:\/\/aconteceunovale.com.br\/portal\/?p=35489\" target=\"_blank\">o condutor do outro ve\u00edculo envolvido no acidente, Reimar Almeida, de 21 anos, relatou que trafegava pela rodovia quando sentiu um impacto na lateral do ve\u00edculo. \u201cEu estava com meu pai no carro, numa velocidade normal, cerca de 90 km por hora, quando o carro com placas de Belo Horizonte tentou me ultrapassar, perdeu o controle e bateu no meu carro. N\u00e3o deu tempo de fazer nada\u201d, disse Reimar que n\u00e3o se feriu<\/a>.<\/p>\n<p><img decoding=\"async\" src=\"http:\/\/aconteceunovale.com.br\/portal\/wp-content\/uploads\/2014\/07\/acidente_perigoso_gv_23.jpg\" alt=\"\" \/><em>A suspeita era que Maria de F\u00e1tima tivesse hemorragia interna, j\u00e1 que tinha escoria\u00e7\u00f5es leves pelo corpo &#8211; Foto: Jack Zalcman \/ Di\u00e1rio do Rio Doce<\/em><br \/>\n<\/br><\/p>\n<p>No carro onde Maria de F\u00e1tima estava havia mais tr\u00eas pessoas, al\u00e9m do condutor, sendo uma outra mulher e duas crian\u00e7as. Todos foram encaminhados ao HPS para receberem atendimento m\u00e9dico, bem como o pai de Reimar, que estava no carro do filho e sofre de press\u00e3o alta. <\/p>\n<p>De acordo com o Corpo de Bombeiros, que atendeu ao chamado para socorrer as v\u00edtimas, a suspeita era que Maria de F\u00e1tima tivesse hemorragia interna, j\u00e1 que tinha escoria\u00e7\u00f5es leves pelo corpo mas sentia dores, com uma poss\u00edvel contus\u00e3o na bacia. Maria de F\u00e1tima acabou n\u00e3o resistindo aos ferimentos e morreu ainda na noite de segunda-feira, 21.<\/p>\n<p><strong><em>(Di\u00e1rio do Rio Doce)<\/em><\/strong><\/p>\n","protected":false},"excerpt":{"rendered":"<p>Um acidente envolvendo dois carros de passeio e sete pessoas na tarde da \u00faltima segunda-feira, 21, causou a morte de uma mulher. Maria de F\u00e1tima Santana, de 59 anos, estava em um Corsa que capotou quatro vezes antes de cair em uma rua abaixo da BR-116, ap\u00f3s o condutor do ve\u00edculo perder o controle da [&hellip;]<\/p>\n","protected":false},"author":1,"featured_media":35592,"comment_status":"open","ping_status":"closed","sticky":false,"template":"","format":"standard","meta":{"amp_status":"","footnotes":""},"categories":[121],"tags":[194,247,12215,12214,12097],"class_list":["post-35591","post","type-post","status-publish","format-standard","has-post-thumbnail","hentry","category-leste","tag-belo-horizonte","tag-governador-valadares","tag-maria-de-fatima-santana","tag-morre-um-dos-ocupantes-do-carro-que-capotou-apos-uma-ultrapassagem-na-br-116-em-governador-valadares","tag-reimar-almeida"],"_links":{"self":[{"href":"https:\/\/aconteceunovale.com.br\/portal\/index.php?rest_route=\/wp\/v2\/posts\/35591","targetHints":{"allow":["GET"]}}],"collection":[{"href":"https:\/\/aconteceunovale.com.br\/portal\/index.php?rest_route=\/wp\/v2\/posts"}],"about":[{"href":"https:\/\/aconteceunovale.com.br\/portal\/index.php?rest_route=\/wp\/v2\/types\/post"}],"author":[{"embeddable":true,"href":"https:\/\/aconteceunovale.com.br\/portal\/index.php?rest_route=\/wp\/v2\/users\/1"}],"replies":[{"embeddable":true,"href":"https:\/\/aconteceunovale.com.br\/portal\/index.php?rest_route=%2Fwp%2Fv2%2Fcomments&post=35591"}],"version-history":[{"count":0,"href":"https:\/\/aconteceunovale.com.br\/portal\/index.php?rest_route=\/wp\/v2\/posts\/35591\/revisions"}],"wp:featuredmedia":[{"embeddable":true,"href":"https:\/\/aconteceunovale.com.br\/portal\/index.php?rest_route=\/wp\/v2\/media\/35592"}],"wp:attachment":[{"href":"https:\/\/aconteceunovale.com.br\/portal\/index.php?rest_route=%2Fwp%2Fv2%2Fmedia&parent=35591"}],"wp:term":[{"taxonomy":"category","embeddable":true,"href":"https:\/\/aconteceunovale.com.br\/portal\/index.php?rest_route=%2Fwp%2Fv2%2Fcategories&post=35591"},{"taxonomy":"post_tag","embeddable":true,"href":"https:\/\/aconteceunovale.com.br\/portal\/index.php?rest_route=%2Fwp%2Fv2%2Ftags&post=35591"}],"curies":[{"name":"wp","href":"https:\/\/api.w.org\/{rel}","templated":true}]}}