{"id":35588,"date":"2014-07-23T10:07:44","date_gmt":"2014-07-23T13:07:44","guid":{"rendered":"http:\/\/aconteceunovale.com.br\/portal\/?p=35588"},"modified":"2014-07-23T10:07:44","modified_gmt":"2014-07-23T13:07:44","slug":"policia-militar-realiza-operacao-para-combater-crimes-violentos-em-governador-valadares","status":"publish","type":"post","link":"https:\/\/aconteceunovale.com.br\/portal\/?p=35588","title":{"rendered":"Pol\u00edcia Militar realiza opera\u00e7\u00e3o para combater crimes violentos em Governador Valadares"},"content":{"rendered":"<p>Para levar seguran\u00e7a aos cidad\u00e3os valadarenses, o 6\u00ba Batalh\u00e3o de Policia Militar (6\u00ba BPM) realizou na tarde desta ter\u00e7a-feira, 22, a \u201cOpera\u00e7\u00e3o Ostensividade&#8221;, com 47 policiais militares, divididos em cinco viaturas, duas motocicletas e pontos base de blitz. A opera\u00e7\u00e3o teve in\u00edcio na pra\u00e7a Waldinelly, na avenida Minas Gerais, e se estendeu pelo Centro da cidade e bairros como o Santa Teresinha, o S\u00e3o Paulo, o S\u00e3o Geraldo e entre outros da \u00e1rea do 6\u00ba Batalh\u00e3o da Pol\u00edcia Militar.<\/p>\n<p><img decoding=\"async\" src=\"http:\/\/aconteceunovale.com.br\/portal\/wp-content\/uploads\/2014\/07\/operacao_repressao_ao_crime_gv.jpg\" alt=\"\" \/><em>Objetivo da Pol\u00edcia Militar \u00e9 diminuir os crimes violentos em Valadares (Foto: Diego Souza\/G1)<\/em><br \/>\n<\/br><\/p>\n<p>De acordo com o tenente Daniel Janu\u00e1rio, a opera\u00e7\u00e3o foi pensada pelo comando visando reprimir o tr\u00e1fico de drogas, combater a pr\u00e1tica de furtos e roubos e criminalidade violenta na regi\u00e3o. &#8220;O objetivo principal \u00e9 trazer seguran\u00e7a \u00e0 comunidade valadarense, e mais precisamente o combate aos crimes de furto e roubo a transeuntes e ao com\u00e9rcio nos bairros da \u00e1rea do 6\u00ba BPM&#8221;, explicou, enfatizando que ocorr\u00eancias relacionadas a roubos e furtos diminu\u00edram na \u00e1rea de atua\u00e7\u00e3o do batalh\u00e3o. &#8220;Ainda registramos ocorr\u00eancias desse tipo, por\u00e9m, j\u00e1 diminu\u00edram bastante. Mas nosso objetivo \u00e9 diminu\u00ed-los mais ainda. Queremos combater essa modalidade, realizando a abordagem de suspeitos, tentando apreender arma de fogo e tirando de circula\u00e7\u00e3o esses meliantes&#8221;, disse.<\/p>\n<p>A opera\u00e7\u00e3o vai acontecer duas vezes por semana, em datas a serem planejadas. &#8220;Primeiro temos a instru\u00e7\u00e3o sobre o que vamos executar, e nos equipamos. A Opera\u00e7\u00e3o Ostensividade \u00e9 dividida em tr\u00eas partes. A primeira \u00e9 a batida policial, em todos os bairros da \u00e1rea do 6\u00ba BPM. Em seguida vem a Opera\u00e7\u00e3o \u2018Cavalo de A\u00e7o\u2019, que \u00e9 um corredor de seguran\u00e7a onde realizamos a abordagem de suspeitos, sendo ela itinerante: um se comunica com o outro para termos ao nosso favor o elemento surpresa. E por \u00faltimo, a Opera\u00e7\u00e3o \u2018Visibilidade\u2019, que consiste na seguran\u00e7a do cidad\u00e3o&#8221;, concluiu. <\/p>\n<p><strong><em>(Di\u00e1rio do Rio Doce)<\/em><\/strong><\/p>\n","protected":false},"excerpt":{"rendered":"<p>Para levar seguran\u00e7a aos cidad\u00e3os valadarenses, o 6\u00ba Batalh\u00e3o de Policia Militar (6\u00ba BPM) realizou na tarde desta ter\u00e7a-feira, 22, a \u201cOpera\u00e7\u00e3o Ostensividade&#8221;, com 47 policiais militares, divididos em cinco viaturas, duas motocicletas e pontos base de blitz. A opera\u00e7\u00e3o teve in\u00edcio na pra\u00e7a Waldinelly, na avenida Minas Gerais, e se estendeu pelo Centro da [&hellip;]<\/p>\n","protected":false},"author":1,"featured_media":35589,"comment_status":"open","ping_status":"closed","sticky":false,"template":"","format":"standard","meta":{"amp_status":"","footnotes":""},"categories":[121],"tags":[247,12212,12211,12213,12210],"class_list":["post-35588","post","type-post","status-publish","format-standard","has-post-thumbnail","hentry","category-leste","tag-governador-valadares","tag-operacao-cavalo-de-aco","tag-operacao-ostensividade","tag-operacao-visibilidade","tag-policia-militar-realiza-operacao-para-combater-crimes-violentos-em-governador-valadares"],"_links":{"self":[{"href":"https:\/\/aconteceunovale.com.br\/portal\/index.php?rest_route=\/wp\/v2\/posts\/35588","targetHints":{"allow":["GET"]}}],"collection":[{"href":"https:\/\/aconteceunovale.com.br\/portal\/index.php?rest_route=\/wp\/v2\/posts"}],"about":[{"href":"https:\/\/aconteceunovale.com.br\/portal\/index.php?rest_route=\/wp\/v2\/types\/post"}],"author":[{"embeddable":true,"href":"https:\/\/aconteceunovale.com.br\/portal\/index.php?rest_route=\/wp\/v2\/users\/1"}],"replies":[{"embeddable":true,"href":"https:\/\/aconteceunovale.com.br\/portal\/index.php?rest_route=%2Fwp%2Fv2%2Fcomments&post=35588"}],"version-history":[{"count":0,"href":"https:\/\/aconteceunovale.com.br\/portal\/index.php?rest_route=\/wp\/v2\/posts\/35588\/revisions"}],"wp:featuredmedia":[{"embeddable":true,"href":"https:\/\/aconteceunovale.com.br\/portal\/index.php?rest_route=\/wp\/v2\/media\/35589"}],"wp:attachment":[{"href":"https:\/\/aconteceunovale.com.br\/portal\/index.php?rest_route=%2Fwp%2Fv2%2Fmedia&parent=35588"}],"wp:term":[{"taxonomy":"category","embeddable":true,"href":"https:\/\/aconteceunovale.com.br\/portal\/index.php?rest_route=%2Fwp%2Fv2%2Fcategories&post=35588"},{"taxonomy":"post_tag","embeddable":true,"href":"https:\/\/aconteceunovale.com.br\/portal\/index.php?rest_route=%2Fwp%2Fv2%2Ftags&post=35588"}],"curies":[{"name":"wp","href":"https:\/\/api.w.org\/{rel}","templated":true}]}}