{"id":35582,"date":"2014-07-22T22:56:56","date_gmt":"2014-07-23T01:56:56","guid":{"rendered":"http:\/\/aconteceunovale.com.br\/portal\/?p=35582"},"modified":"2014-07-22T22:56:56","modified_gmt":"2014-07-23T01:56:56","slug":"acidente-deixa-uma-pessoa-morta-e-outra-ferida-na-br-116-proximo-a-campanario","status":"publish","type":"post","link":"https:\/\/aconteceunovale.com.br\/portal\/?p=35582","title":{"rendered":"Acidente deixa uma pessoa morta e outra ferida na BR-116, pr\u00f3ximo a Campan\u00e1rio"},"content":{"rendered":"<p>Uma colis\u00e3o frontal entre dois ve\u00edculos de passeio deixou uma v\u00edtima fatal e outra ferida no final da tarde desta ter\u00e7a-feira, 22 de julho, no quil\u00f4metro 326 da BR-116, pr\u00f3ximo a cidade de Campan\u00e1rio, no Leste de Minas Gerais.<\/p>\n<p>De acordo com informa\u00e7\u00f5es da Pol\u00edcia Rodovi\u00e1ria Federa, a batida frontal entre dois ve\u00edculos Gol foi registrada por volta das 17 horas. A causa do acidente ainda \u00e9 desconhecida, o caso ser\u00e1 apurado atrav\u00e9s de per\u00edcia.<\/p>\n<p>Com o impacto da colis\u00e3o, os dois condutores ficaram gravemente feridos. Wilson Silva e Geraldo Donizetti foram socorridos e encaminhados para atendimento m\u00e9dico em Te\u00f3filo Otoni. Geraldo Donizetti n\u00e3o resistiu aos ferimentos e morreu antes de dar entrada no hospital.<\/p>\n<p><img decoding=\"async\" src=\"http:\/\/aconteceunovale.com.br\/portal\/wp-content\/uploads\/2014\/07\/acidente_campanario_22_7.jpg\" alt=\"\" \/><\/p>\n<p><em>(Foto e informa\u00e7\u00f5es: Cabo Sandro \/ Corpo de Bombeiros e Elvis Passos)<\/em><\/p>\n","protected":false},"excerpt":{"rendered":"<p>Uma colis\u00e3o frontal entre dois ve\u00edculos de passeio deixou uma v\u00edtima fatal e outra ferida no final da tarde desta ter\u00e7a-feira, 22 de julho, no quil\u00f4metro 326 da BR-116, pr\u00f3ximo a cidade de Campan\u00e1rio, no Leste de Minas Gerais. De acordo com informa\u00e7\u00f5es da Pol\u00edcia Rodovi\u00e1ria Federa, a batida frontal entre dois ve\u00edculos Gol foi [&hellip;]<\/p>\n","protected":false},"author":1,"featured_media":35583,"comment_status":"open","ping_status":"closed","sticky":false,"template":"","format":"standard","meta":{"amp_status":"","footnotes":""},"categories":[121],"tags":[12196,277,1018,12201,12202,12200,12199,12197,12204,12203,164,12198],"class_list":["post-35582","post","type-post","status-publish","format-standard","has-post-thumbnail","hentry","category-leste","tag-acidente-deixa-uma-pessoa-morta-e-outra-ferida-na-br-116-proximo-a-campanario","tag-campanario","tag-destaque","tag-fotos-do-acidente-com-geraldo-donizetti","tag-fotos-do-acidente-com-wilson-silva","tag-fotos-do-acidente-na-br-116","tag-fotos-do-acidente-proximo-a-campanario","tag-geraldo-donizetti","tag-informacoes-do-acidente-com-geraldo-donizetti","tag-informacoes-do-acidente-com-wilson-silva","tag-teofilo-otoni","tag-wilson-silva"],"_links":{"self":[{"href":"https:\/\/aconteceunovale.com.br\/portal\/index.php?rest_route=\/wp\/v2\/posts\/35582","targetHints":{"allow":["GET"]}}],"collection":[{"href":"https:\/\/aconteceunovale.com.br\/portal\/index.php?rest_route=\/wp\/v2\/posts"}],"about":[{"href":"https:\/\/aconteceunovale.com.br\/portal\/index.php?rest_route=\/wp\/v2\/types\/post"}],"author":[{"embeddable":true,"href":"https:\/\/aconteceunovale.com.br\/portal\/index.php?rest_route=\/wp\/v2\/users\/1"}],"replies":[{"embeddable":true,"href":"https:\/\/aconteceunovale.com.br\/portal\/index.php?rest_route=%2Fwp%2Fv2%2Fcomments&post=35582"}],"version-history":[{"count":0,"href":"https:\/\/aconteceunovale.com.br\/portal\/index.php?rest_route=\/wp\/v2\/posts\/35582\/revisions"}],"wp:featuredmedia":[{"embeddable":true,"href":"https:\/\/aconteceunovale.com.br\/portal\/index.php?rest_route=\/wp\/v2\/media\/35583"}],"wp:attachment":[{"href":"https:\/\/aconteceunovale.com.br\/portal\/index.php?rest_route=%2Fwp%2Fv2%2Fmedia&parent=35582"}],"wp:term":[{"taxonomy":"category","embeddable":true,"href":"https:\/\/aconteceunovale.com.br\/portal\/index.php?rest_route=%2Fwp%2Fv2%2Fcategories&post=35582"},{"taxonomy":"post_tag","embeddable":true,"href":"https:\/\/aconteceunovale.com.br\/portal\/index.php?rest_route=%2Fwp%2Fv2%2Ftags&post=35582"}],"curies":[{"name":"wp","href":"https:\/\/api.w.org\/{rel}","templated":true}]}}