{"id":35525,"date":"2014-07-22T10:28:26","date_gmt":"2014-07-22T13:28:26","guid":{"rendered":"http:\/\/aconteceunovale.com.br\/portal\/?p=35525"},"modified":"2014-07-22T10:28:26","modified_gmt":"2014-07-22T13:28:26","slug":"seca-prolongada-leva-134-cidades-mineiras-a-decretar-situacao-de-emergencia","status":"publish","type":"post","link":"https:\/\/aconteceunovale.com.br\/portal\/?p=35525","title":{"rendered":"Seca prolongada leva 134 cidades mineiras a decretar situa\u00e7\u00e3o de emerg\u00eancia"},"content":{"rendered":"<p>Quase 2 milh\u00f5es de mineiros j\u00e1 s\u00e3o afetados pela pior estiagem registrada no Estado desde 1971. At\u00e9 essa segunda-feira (21), 134 munic\u00edpios haviam decretado situa\u00e7\u00e3o de emerg\u00eancia em fun\u00e7\u00e3o da falta de chuva, apenas 13 a menos do que o total registrado em todo o ano passado, quando 147 cidades recorreram ao poder p\u00fablico, federal e estadual, para amenizar os preju\u00edzos causados pela seca prolongada.<\/p>\n<p>Os munic\u00edpios afetados, localizados principalmente no Norte de Minas e nos vales do Jequitinhonha e Mucuri, abrangem uma popula\u00e7\u00e3o de 1.980.480 pessoas, considerando-se moradores das zonas rural e urbana.<\/p>\n<p><img decoding=\"async\" src=\"http:\/\/aconteceunovale.com.br\/portal\/wp-content\/uploads\/2014\/07\/seca_minas_dificil.jpg\" alt=\"\" \/><em>At\u00e9 grandes cidades, como Montes Claros, s\u00e3o afetadas &#8211; Dione Afonso\/Hoje em Dia<\/em><br \/>\n<\/br><\/p>\n<p>A maioria dos prejudicados, por\u00e9m, s\u00e3o produtores rurais, que t\u00eam, normalmente, rios, lagos e cisternas como fonte de \u00e1gua. Muitos est\u00e3o secos.<\/p>\n<p>\u00c9 o caso de moradores da zona rural de C\u00f3rrego D\u2019Anta, na regi\u00e3o Centro-Oeste. Desde 2009, a cidade n\u00e3o decretava situa\u00e7\u00e3o de emerg\u00eancia. O preju\u00edzo estimado por produtores rurais \u00e9 de R$ 2,3 milh\u00f5es, se somadas as perdas com as lavouras de caf\u00e9 e milho, principais atividade na regi\u00e3o.<\/p>\n<p>\u201cEstou aqui h\u00e1 22 anos e nunca vi uma situa\u00e7\u00e3o dessa. Quem mais sofre s\u00e3o os lavradores e pecuaristas, de leite e corte. Pelo menos metade das planta\u00e7\u00f5es j\u00e1 foi perdida, al\u00e9m de 4% do gado, que, se n\u00e3o morreu, vai morrer\u201d, informa o engenheiro agr\u00f4nomo Lu\u00eds Cl\u00e1udio Coimbra, da Empresa de Assist\u00eancia T\u00e9cnica e Extens\u00e3o Rural (Emater) em C\u00f3rrego D\u2019Anta.<\/p>\n<h4><strong>A\u00e7udes<\/strong><\/h4>\n<p>Na avalia\u00e7\u00e3o do secret\u00e1rio-executivo da Associa\u00e7\u00e3o dos Munic\u00edpios da \u00c1rea Mineira da Superintend\u00eancia do Desenvolvimento do Nordeste (Sudene) (Amams), Luiz Lobo, faltam medidas efetivas para prevenir os estragos provocados, anualmente, aos munic\u00edpios mineiros, sobretudo no Norte.<\/p>\n<p>\u201cA\u00e7\u00f5es que poderiam ter sido executadas ao longo do ano n\u00e3o foram, como pequenas barragens e constru\u00e7\u00e3o de a\u00e7udes e po\u00e7os. S\u00e3o obras estruturantes que poderiam, se n\u00e3o resolver, amenizar os reflexos da estiagem prolongada\u201d, afirma.<\/p>\n<p>Lobo refor\u00e7a ainda as dificuldades enfrentadas por popula\u00e7\u00f5es ribeirinhas, que dependem do curso do rio para se locomover em balsas. Uma dezena de cidades est\u00e1 ilhada, j\u00e1 que o rio S\u00e3o Francisco, principal acesso entre elas e Montes Claros, a maior cidade do Norte de Minas, praticamente secou. \u201cMoradores de Pint\u00f3polis e Urucuia, por exemplo, que usam balsa para buscar ajuda m\u00e9dica, n\u00e3o t\u00eam como fazer a travessia\u201d, diz.<\/p>\n<p>De acordo com Lobo, uma reuni\u00e3o emergencial foi solicitada h\u00e1 cerca de 20 dias, junto \u00e0 Defesa Civil Estadual, para discutir a\u00e7\u00f5es de urg\u00eancia para as cidades afetadas pela seca. At\u00e9 essa segunda (21), n\u00e3o havia nenhuma resposta.<\/p>\n<p>A decreta\u00e7\u00e3o de situa\u00e7\u00e3o de emerg\u00eancia em virtude de estiagem ou seca est\u00e1 vinculada aos preju\u00edzos \u00e0 agricultura e pecu\u00e1ria, que s\u00e3o, geralmente, a principal fonte de renda da popula\u00e7\u00e3o.<\/p>\n<p><strong><em>(Hoje em Dia)<\/em><\/strong><\/p>\n","protected":false},"excerpt":{"rendered":"<p>Quase 2 milh\u00f5es de mineiros j\u00e1 s\u00e3o afetados pela pior estiagem registrada no Estado desde 1971. At\u00e9 essa segunda-feira (21), 134 munic\u00edpios haviam decretado situa\u00e7\u00e3o de emerg\u00eancia em fun\u00e7\u00e3o da falta de chuva, apenas 13 a menos do que o total registrado em todo o ano passado, quando 147 cidades recorreram ao poder p\u00fablico, federal [&hellip;]<\/p>\n","protected":false},"author":1,"featured_media":35526,"comment_status":"open","ping_status":"closed","sticky":false,"template":"","format":"standard","meta":{"amp_status":"","footnotes":""},"categories":[123],"tags":[12140,12137,12138,12139,12136],"class_list":["post-35525","post","type-post","status-publish","format-standard","has-post-thumbnail","hentry","category-gerais","tag-falta-de-chuva-em-minas-gerais","tag-falta-de-chuva-leva-134-cidades-a-decretar-situacao-de-emergencia","tag-pior-estiagem-dos-ultimos-43-anos","tag-seca-prolongada-em-minas-gerais","tag-seca-prolongada-leva-134-cidades-mineiras-a-decretar-situacao-de-emergencia"],"_links":{"self":[{"href":"https:\/\/aconteceunovale.com.br\/portal\/index.php?rest_route=\/wp\/v2\/posts\/35525","targetHints":{"allow":["GET"]}}],"collection":[{"href":"https:\/\/aconteceunovale.com.br\/portal\/index.php?rest_route=\/wp\/v2\/posts"}],"about":[{"href":"https:\/\/aconteceunovale.com.br\/portal\/index.php?rest_route=\/wp\/v2\/types\/post"}],"author":[{"embeddable":true,"href":"https:\/\/aconteceunovale.com.br\/portal\/index.php?rest_route=\/wp\/v2\/users\/1"}],"replies":[{"embeddable":true,"href":"https:\/\/aconteceunovale.com.br\/portal\/index.php?rest_route=%2Fwp%2Fv2%2Fcomments&post=35525"}],"version-history":[{"count":0,"href":"https:\/\/aconteceunovale.com.br\/portal\/index.php?rest_route=\/wp\/v2\/posts\/35525\/revisions"}],"wp:featuredmedia":[{"embeddable":true,"href":"https:\/\/aconteceunovale.com.br\/portal\/index.php?rest_route=\/wp\/v2\/media\/35526"}],"wp:attachment":[{"href":"https:\/\/aconteceunovale.com.br\/portal\/index.php?rest_route=%2Fwp%2Fv2%2Fmedia&parent=35525"}],"wp:term":[{"taxonomy":"category","embeddable":true,"href":"https:\/\/aconteceunovale.com.br\/portal\/index.php?rest_route=%2Fwp%2Fv2%2Fcategories&post=35525"},{"taxonomy":"post_tag","embeddable":true,"href":"https:\/\/aconteceunovale.com.br\/portal\/index.php?rest_route=%2Fwp%2Fv2%2Ftags&post=35525"}],"curies":[{"name":"wp","href":"https:\/\/api.w.org\/{rel}","templated":true}]}}