{"id":35520,"date":"2014-07-22T08:57:45","date_gmt":"2014-07-22T11:57:45","guid":{"rendered":"http:\/\/aconteceunovale.com.br\/portal\/?p=35520"},"modified":"2014-07-22T08:57:45","modified_gmt":"2014-07-22T11:57:45","slug":"obra-assinada-por-oscar-niemeyer-em-caratinga-passa-por-revitalizacao","status":"publish","type":"post","link":"https:\/\/aconteceunovale.com.br\/portal\/?p=35520","title":{"rendered":"Obra assinada por Oscar Niemeyer em Caratinga passa por revitaliza\u00e7\u00e3o"},"content":{"rendered":"<p>Um tradicional coreto localizado no centro da cidade de Caratinga, no Vale do Rio Doce, assinado pelo arquiteto Oscar Niemeyer, passa por obras de revitaliza\u00e7\u00e3o. O monumento receber\u00e1, durante o dia, exposi\u00e7\u00f5es de arte e proje\u00e7\u00f5es de cinema no subsolo. No per\u00edodo noturno, ele ficar\u00e1 fechado.<\/p>\n<p>Para o presidente do Conselho Municipal do Patrim\u00f4nio Cultural da cidade, Jo\u00e3o Paulo Bramusse, o projeto ir\u00e1 \u201csalvar\u201d o coreto. Segundo ele, a pra\u00e7a Ces\u00e1rio Alvim, onde a obra foi constru\u00edda, \u00e9 hoje um ponto de prostitui\u00e7\u00e3o e de uso de drogas. \u201cDurante a noite, o subsolo do coreto \u00e9 feito de banheiro p\u00fablico\u201d, relatou.<\/p>\n<p><img decoding=\"async\" src=\"http:\/\/aconteceunovale.com.br\/portal\/wp-content\/uploads\/2014\/07\/obra_oscar_niemaier_caratinga.jpg\" alt=\"\" \/><em>Coreto ser\u00e1 revitalizado &#8211; Foto: Prefeitura de Caratinga<\/em><br \/>\n<\/br><\/p>\n<p>No novo projeto, os v\u00e3os ser\u00e3o fechados com vidros sanfonados, que poder\u00e3o ser abertos, e o interior ser\u00e1 uma esp\u00e9cie de galeria de arte, em que os artistas locais ser\u00e3o privilegiados.<\/p>\n<p>No subsolo ser\u00e1 instalada uma sala de proje\u00e7\u00e3o, que receber\u00e1 visitas guiadas de escolas durante a semana e ser\u00e1 aberta ao p\u00fablico aos s\u00e1bados e aos domingos. De acordo com Bramusse, ainda n\u00e3o h\u00e1 defini\u00e7\u00e3o de quais obras ser\u00e3o exibidas nos dois espa\u00e7os, que ser\u00e3o climatizados com ar-condicionado.<\/p>\n<h4><strong>Hist\u00f3rico<\/strong><\/h4>\n<p>O coreto foi constru\u00eddo na d\u00e9cada de 80. A execu\u00e7\u00e3o do projeto de Niemeyer n\u00e3o foi acompanhada pelo arquiteto, e a precariedade da m\u00e3o de obra na ocasi\u00e3o, segundo Bramusse, resultou em um trabalho posteriormente renegado pelo artista. Mesmo assim, a obra foi tombada pelo patrim\u00f4nio municipal no come\u00e7o da d\u00e9cada de 2000.<\/p>\n<h4><strong>Projeto<\/strong><\/h4>\n<p>A revitaliza\u00e7\u00e3o do coreto custar\u00e1 cerca de R$ 100 mil. As interven\u00e7\u00f5es come\u00e7aram no in\u00edcio deste m\u00eas, e a previs\u00e3o \u00e9 que elas sejam conclu\u00eddas em setembro deste ano.<\/p>\n<p><em><strong>(O Tempo)<\/strong><\/em><\/p>\n","protected":false},"excerpt":{"rendered":"<p>Um tradicional coreto localizado no centro da cidade de Caratinga, no Vale do Rio Doce, assinado pelo arquiteto Oscar Niemeyer, passa por obras de revitaliza\u00e7\u00e3o. O monumento receber\u00e1, durante o dia, exposi\u00e7\u00f5es de arte e proje\u00e7\u00f5es de cinema no subsolo. No per\u00edodo noturno, ele ficar\u00e1 fechado. Para o presidente do Conselho Municipal do Patrim\u00f4nio Cultural [&hellip;]<\/p>\n","protected":false},"author":1,"featured_media":35521,"comment_status":"open","ping_status":"closed","sticky":false,"template":"","format":"standard","meta":{"amp_status":"","footnotes":""},"categories":[121],"tags":[12129,237,12131,12132,12130,12128],"class_list":["post-35520","post","type-post","status-publish","format-standard","has-post-thumbnail","hentry","category-leste","tag-assinado-pelo-arquiteto-oscar-niemeyer","tag-caratinga","tag-obra-assinada-por-oscar-niemeyer-em-caratinga","tag-obra-assinada-por-oscar-niemeyer-em-caratinga-passa-por-revitalizacao","tag-obra-assinada-por-oscar-niemeyer-em-caratinga-tera-sala-de-cinema-e-exposicoes","tag-tradicional-coreto-localizado-no-centro-da-cidade-de-caratinga"],"_links":{"self":[{"href":"https:\/\/aconteceunovale.com.br\/portal\/index.php?rest_route=\/wp\/v2\/posts\/35520","targetHints":{"allow":["GET"]}}],"collection":[{"href":"https:\/\/aconteceunovale.com.br\/portal\/index.php?rest_route=\/wp\/v2\/posts"}],"about":[{"href":"https:\/\/aconteceunovale.com.br\/portal\/index.php?rest_route=\/wp\/v2\/types\/post"}],"author":[{"embeddable":true,"href":"https:\/\/aconteceunovale.com.br\/portal\/index.php?rest_route=\/wp\/v2\/users\/1"}],"replies":[{"embeddable":true,"href":"https:\/\/aconteceunovale.com.br\/portal\/index.php?rest_route=%2Fwp%2Fv2%2Fcomments&post=35520"}],"version-history":[{"count":0,"href":"https:\/\/aconteceunovale.com.br\/portal\/index.php?rest_route=\/wp\/v2\/posts\/35520\/revisions"}],"wp:featuredmedia":[{"embeddable":true,"href":"https:\/\/aconteceunovale.com.br\/portal\/index.php?rest_route=\/wp\/v2\/media\/35521"}],"wp:attachment":[{"href":"https:\/\/aconteceunovale.com.br\/portal\/index.php?rest_route=%2Fwp%2Fv2%2Fmedia&parent=35520"}],"wp:term":[{"taxonomy":"category","embeddable":true,"href":"https:\/\/aconteceunovale.com.br\/portal\/index.php?rest_route=%2Fwp%2Fv2%2Fcategories&post=35520"},{"taxonomy":"post_tag","embeddable":true,"href":"https:\/\/aconteceunovale.com.br\/portal\/index.php?rest_route=%2Fwp%2Fv2%2Ftags&post=35520"}],"curies":[{"name":"wp","href":"https:\/\/api.w.org\/{rel}","templated":true}]}}