{"id":35508,"date":"2014-07-21T23:07:27","date_gmt":"2014-07-22T02:07:27","guid":{"rendered":"http:\/\/aconteceunovale.com.br\/portal\/?p=35508"},"modified":"2014-07-21T23:07:27","modified_gmt":"2014-07-22T02:07:27","slug":"homem-morre-apos-ser-baleado-no-bairro-iguacu-em-ipatinga","status":"publish","type":"post","link":"https:\/\/aconteceunovale.com.br\/portal\/?p=35508","title":{"rendered":"Homem morre ap\u00f3s ser baleado no bairro Igua\u00e7u em Ipatinga"},"content":{"rendered":"<p>Um homem de 53 anos morreu ap\u00f3s ser baleado no in\u00edcio da noite desta segunda-feira, 21 de julho, no Bairro Igua\u00e7u, em Ipatinga\/MG.<\/p>\n<p>De acordo com informa\u00e7\u00f5es da Pol\u00edcia Militar, testemunhas relataram que Jos\u00e9 Geraldo da Silva, conhecido como baiano trafegava em uma motocicleta pela Rua J\u00eas, quando foi surpreendido por dois indiv\u00edduos que estavam na cal\u00e7ada e efetuaram v\u00e1rios disparos de arma de fogo contra a v\u00edtima. O homem perdeu o equil\u00edbrio e caiu ao solo juntamente com a moto.<\/p>\n<p><img decoding=\"async\" src=\"http:\/\/aconteceunovale.com.br\/portal\/wp-content\/uploads\/2014\/07\/vigia_morto_ipatinga.jpg\" alt=\"\" \/><em>(V\u00edtima foi baleada no Bairro Igua\u00e7u &#8211; Foto: W\u00f4lmer Ezequiel \/ Di\u00e1rio do A\u00e7o)<\/em><br \/>\n<\/br><\/p>\n<p>Ap\u00f3s a a\u00e7\u00e3o criminosa, os autores fugiram em uma motocicleta, tomando rumo ignorado. A v\u00edtima foi socorrida pelo Servi\u00e7o de Atendimento M\u00f3vel de Urg\u00eancia (SAMU) e encaminhada em estado grave para a Unidade de Pronto Atendimento (UPA), mas n\u00e3o resistiu aos ferimentos e morreu. O m\u00e9dico que recebeu a v\u00edtima na unidade de sa\u00fade constatou duas perfura\u00e7\u00f5es no corpo, sendo uma no peito do lado esquerdo e outra na axila do lado direito.<\/p>\n<p>A per\u00edcia t\u00e9cnica da Pol\u00edcia Civil foi acionada e compareceu ao local do crime, onde recolheram quatro cartuchos intactos calibre 45, quatro capsulas calibre 45 deflagradas, um proj\u00e9til de calibre 45 e um proj\u00e9til de calibre indeterminado.<\/p>\n<p>Ap\u00f3s rastreamentos a Pol\u00edcia Militar apreendeu dois adolescentes suspeitos de envolvimento no crime. Eles teriam se envolvido em uma discuss\u00e3o com a v\u00edtima no Centro Socioeducativo, onde ele trabalhava como vigia. Os dois menores foram encaminhados para a Delegacia de Pol\u00edcia, onde ser\u00e3o ouvidos.<\/p>\n","protected":false},"excerpt":{"rendered":"<p>Um homem de 53 anos morreu ap\u00f3s ser baleado no in\u00edcio da noite desta segunda-feira, 21 de julho, no Bairro Igua\u00e7u, em Ipatinga\/MG. De acordo com informa\u00e7\u00f5es da Pol\u00edcia Militar, testemunhas relataram que Jos\u00e9 Geraldo da Silva, conhecido como baiano trafegava em uma motocicleta pela Rua J\u00eas, quando foi surpreendido por dois indiv\u00edduos que estavam [&hellip;]<\/p>\n","protected":false},"author":1,"featured_media":35509,"comment_status":"open","ping_status":"closed","sticky":false,"template":"","format":"standard","meta":{"amp_status":"","footnotes":""},"categories":[121],"tags":[1018,12115,12118,12119,12114,201,12111,12112,12116,12117,12113],"class_list":["post-35508","post","type-post","status-publish","format-standard","has-post-thumbnail","hentry","category-leste","tag-destaque","tag-estado-de-saude-de-jose-geraldo-da-silva","tag-estado-de-saude-do-baiano","tag-homem-morre-apos-ser-baleado-no-bairro-iguacu-em-ipatinga","tag-informacao-da-morte-do-vigia-jose-geraldo-da-silva","tag-ipatinga","tag-jose-geraldo-da-silva","tag-morte-do-vigia-jose-geraldo-da-silva","tag-morto-do-vigia-baiano","tag-noticia-da-morte-do-baiano","tag-noticia-da-morte-do-vigia-jose-geraldo-da-silva"],"_links":{"self":[{"href":"https:\/\/aconteceunovale.com.br\/portal\/index.php?rest_route=\/wp\/v2\/posts\/35508","targetHints":{"allow":["GET"]}}],"collection":[{"href":"https:\/\/aconteceunovale.com.br\/portal\/index.php?rest_route=\/wp\/v2\/posts"}],"about":[{"href":"https:\/\/aconteceunovale.com.br\/portal\/index.php?rest_route=\/wp\/v2\/types\/post"}],"author":[{"embeddable":true,"href":"https:\/\/aconteceunovale.com.br\/portal\/index.php?rest_route=\/wp\/v2\/users\/1"}],"replies":[{"embeddable":true,"href":"https:\/\/aconteceunovale.com.br\/portal\/index.php?rest_route=%2Fwp%2Fv2%2Fcomments&post=35508"}],"version-history":[{"count":0,"href":"https:\/\/aconteceunovale.com.br\/portal\/index.php?rest_route=\/wp\/v2\/posts\/35508\/revisions"}],"wp:featuredmedia":[{"embeddable":true,"href":"https:\/\/aconteceunovale.com.br\/portal\/index.php?rest_route=\/wp\/v2\/media\/35509"}],"wp:attachment":[{"href":"https:\/\/aconteceunovale.com.br\/portal\/index.php?rest_route=%2Fwp%2Fv2%2Fmedia&parent=35508"}],"wp:term":[{"taxonomy":"category","embeddable":true,"href":"https:\/\/aconteceunovale.com.br\/portal\/index.php?rest_route=%2Fwp%2Fv2%2Fcategories&post=35508"},{"taxonomy":"post_tag","embeddable":true,"href":"https:\/\/aconteceunovale.com.br\/portal\/index.php?rest_route=%2Fwp%2Fv2%2Ftags&post=35508"}],"curies":[{"name":"wp","href":"https:\/\/api.w.org\/{rel}","templated":true}]}}