{"id":35433,"date":"2014-07-21T10:34:17","date_gmt":"2014-07-21T13:34:17","guid":{"rendered":"http:\/\/aconteceunovale.com.br\/portal\/?p=35433"},"modified":"2014-07-21T10:34:17","modified_gmt":"2014-07-21T13:34:17","slug":"ciclista-de-78-anos-morre-atropelado-em-mirabela-no-norte-de-minas","status":"publish","type":"post","link":"https:\/\/aconteceunovale.com.br\/portal\/?p=35433","title":{"rendered":"Ciclista de 78 anos morre atropelado em Mirabela, no Norte de Minas"},"content":{"rendered":"<p>Um ciclista de 78 anos foi atropelado e morto nesse domingo, 20 de julho, na MGC-135, em Mirabela, no Norte de Minas Gerais.<\/p>\n<p>De acordo como informa\u00e7\u00f5es da Pol\u00edcia Militar, o motorista de um ve\u00edculo Cross Fox preto contou aos policiais que trafegava pela rodovia, quando na altura do quil\u00f4metro 300, teria sido surpreendido pelo ciclista que atravessou a via, n\u00e3o sendo poss\u00edvel evitar a colis\u00e3o. Com o impacto da batida, Jos\u00e9 Pereira da Silva, n\u00e3o resistiu aos ferimentos e morreu no local.<\/p>\n<p>Ainda segundo a PM, testemunhas informaram que o idoso era morador da zona rural e seguia do assentamento Santa Helena II para sua casa. O condutor passou pelo teste do baf\u00f4metro, que deu negativo.<\/p>\n","protected":false},"excerpt":{"rendered":"<p>Um ciclista de 78 anos foi atropelado e morto nesse domingo, 20 de julho, na MGC-135, em Mirabela, no Norte de Minas Gerais. De acordo como informa\u00e7\u00f5es da Pol\u00edcia Militar, o motorista de um ve\u00edculo Cross Fox preto contou aos policiais que trafegava pela rodovia, quando na altura do quil\u00f4metro 300, teria sido surpreendido pelo [&hellip;]<\/p>\n","protected":false},"author":1,"featured_media":32816,"comment_status":"open","ping_status":"closed","sticky":false,"template":"","format":"standard","meta":{"amp_status":"","footnotes":""},"categories":[1236],"tags":[12053,12052,1699],"class_list":["post-35433","post","type-post","status-publish","format-standard","has-post-thumbnail","hentry","category-norte_de_minas","tag-ciclista-de-78-anos-morre-atropelado-em-mirabela","tag-jose-pereira-da-silva","tag-mirabela"],"_links":{"self":[{"href":"https:\/\/aconteceunovale.com.br\/portal\/index.php?rest_route=\/wp\/v2\/posts\/35433","targetHints":{"allow":["GET"]}}],"collection":[{"href":"https:\/\/aconteceunovale.com.br\/portal\/index.php?rest_route=\/wp\/v2\/posts"}],"about":[{"href":"https:\/\/aconteceunovale.com.br\/portal\/index.php?rest_route=\/wp\/v2\/types\/post"}],"author":[{"embeddable":true,"href":"https:\/\/aconteceunovale.com.br\/portal\/index.php?rest_route=\/wp\/v2\/users\/1"}],"replies":[{"embeddable":true,"href":"https:\/\/aconteceunovale.com.br\/portal\/index.php?rest_route=%2Fwp%2Fv2%2Fcomments&post=35433"}],"version-history":[{"count":0,"href":"https:\/\/aconteceunovale.com.br\/portal\/index.php?rest_route=\/wp\/v2\/posts\/35433\/revisions"}],"wp:featuredmedia":[{"embeddable":true,"href":"https:\/\/aconteceunovale.com.br\/portal\/index.php?rest_route=\/wp\/v2\/media\/32816"}],"wp:attachment":[{"href":"https:\/\/aconteceunovale.com.br\/portal\/index.php?rest_route=%2Fwp%2Fv2%2Fmedia&parent=35433"}],"wp:term":[{"taxonomy":"category","embeddable":true,"href":"https:\/\/aconteceunovale.com.br\/portal\/index.php?rest_route=%2Fwp%2Fv2%2Fcategories&post=35433"},{"taxonomy":"post_tag","embeddable":true,"href":"https:\/\/aconteceunovale.com.br\/portal\/index.php?rest_route=%2Fwp%2Fv2%2Ftags&post=35433"}],"curies":[{"name":"wp","href":"https:\/\/api.w.org\/{rel}","templated":true}]}}